{"id":18977,"date":"2025-06-28T16:39:31","date_gmt":"2025-06-28T13:39:31","guid":{"rendered":"https:\/\/www.modamob.com.tr\/11-kucuk-ev-dekorasyonu\/"},"modified":"2025-06-28T16:39:31","modified_gmt":"2025-06-28T13:39:31","slug":"11-kucuk-ev-dekorasyonu","status":"publish","type":"post","link":"https:\/\/www.modamob.com.tr\/ru\/11-kucuk-ev-dekorasyonu\/","title":{"rendered":"1+1 K\u00fc\u00e7\u00fck Ev Dekorasyonu"},"content":{"rendered":"<p>Dar alanlar\u0131 dekore etmek g\u00f6z korkutucu bir g\u00f6rev gibi g\u00f6r\u00fcnebilir, ancak do\u011fru tekniklerle 1+1 evinizde \u015f\u0131k ve fonksiyonel bir ya\u015fam alan\u0131 yaratmak m\u00fcmk\u00fcn. Bu yaz\u0131m\u0131zda, k\u00fc\u00e7\u00fck metrekareleri en verimli \u015fekilde kullanman\u0131za yard\u0131mc\u0131 olacak pratik ipu\u00e7lar\u0131 ve yarat\u0131c\u0131 fikirler sunaca\u011f\u0131z. Ak\u0131ll\u0131 yerle\u015fim planlar\u0131ndan ayd\u0131nlatma tekniklerine, renklerin g\u00fcc\u00fcnden depolama \u00e7\u00f6z\u00fcmlerine ve ki\u015fisel stilinizi yans\u0131tmaya kadar, <strong>K\u00fc\u00e7\u00fck Ev Dekorasyonu<\/strong> i\u00e7in ad\u0131m ad\u0131m bir rehber niteli\u011finde haz\u0131rlad\u0131\u011f\u0131m\u0131z bu yaz\u0131 ile siz de hayalinizdeki 1+1 evi yaratabilirsiniz. \u00d6yleyse, gelin birlikte k\u00fc\u00e7\u00fck mekanlarda b\u00fcy\u00fck stil yaratman\u0131n s\u0131rlar\u0131n\u0131 ke\u015ffedelim!<\/p><h2 class=\"wp-block-heading\">K\u00fc\u00e7\u00fck Ev Dekorasyonu \u0130\u00e7in Ak\u0131ll\u0131 Yerle\u015fim Planlar\u0131<\/h2><p>Bir 1+1 evde ya\u015famak, alan\u0131n k\u0131s\u0131tl\u0131 oldu\u011fu anlam\u0131na gelir; ancak bu, tarzdan veya konfordan \u00f6d\u00fcn vermeniz gerekti\u011fi anlam\u0131na gelmez. Ak\u0131ll\u0131 yerle\u015fim planlar\u0131 ile k\u00fc\u00e7\u00fck bir evi, hem \u015f\u0131k hem de fonksiyonel bir ya\u015fam alan\u0131na d\u00f6n\u00fc\u015ft\u00fcrebiliriz. \u0130\u015fte <strong>K\u00fc\u00e7\u00fck Ev Dekorasyonu<\/strong> i\u00e7in baz\u0131 ipu\u00e7lar\u0131:<\/p><h3 class=\"wp-block-heading\">Dar Alanlar\u0131 Kullanma Rehberi<\/h3><p>Dar alanlar\u0131 verimli kullanmak, k\u00fc\u00e7\u00fck evlerde ya\u015fam\u0131n olmazsa olmaz\u0131d\u0131r. Bunun i\u00e7in \u00f6ncelikle evinizin plan\u0131n\u0131 \u00e7\u0131kar\u0131p, her k\u00f6\u015feyi nas\u0131l de\u011ferlendirebilece\u011finizi d\u00fc\u015f\u00fcnmelisiniz. \u00d6rne\u011fin, koridorlar genellikle g\u00f6zden ka\u00e7an alanlard\u0131r. Duvarlara monte edilebilen raflar veya ask\u0131l\u0131klarla bu alanlar\u0131 depolama i\u00e7in kullanabilirsiniz. Ayn\u0131 \u015fekilde, merdiven altlar\u0131 da depolama veya \u00e7al\u0131\u015fma alan\u0131 olarak de\u011ferlendirilebilir.<\/p><figure class=\"wp-block-table\"><table><thead><tr><th>Alan<\/th><th>Kullan\u0131m \u00d6nerileri<\/th><\/tr><\/thead><tbody><tr><td>Koridorlar<\/td><td>Duvara monte raflar, ask\u0131l\u0131klar, aynalar<\/td><\/tr><tr><td>Merdiven Alt\u0131<\/td><td>Depolama alan\u0131, \u00e7al\u0131\u015fma k\u00f6\u015fesi, kitapl\u0131k<\/td><\/tr><tr><td>Pencere \u00d6nleri<\/td><td>Yer minderleri, puflar, k\u00fc\u00e7\u00fck sehpalar<\/td><\/tr><\/tbody><\/table><\/figure><h3 class=\"wp-block-heading\">Mobilya Yerle\u015fimi ve Fonksiyonellik<\/h3><p>K\u00fc\u00e7\u00fck evlerde mobilya se\u00e7imi ve yerle\u015fimi \u00e7ok \u00f6nemlidir. \u00c7ok b\u00fcy\u00fck ve yer kaplayan mobilyalar yerine, \u00e7ok ama\u00e7l\u0131 ve katlanabilir mobilyalar tercih etmeliyiz. \u00d6rne\u011fin, yatakl\u0131 kanepe, hem oturma alan\u0131 hem de misafir odas\u0131 ihtiyac\u0131n\u0131 kar\u015f\u0131layabilir. Duvara monte katlanabilir masa ise gerekti\u011finde \u00e7al\u0131\u015fma veya yemek alan\u0131 olarak kullan\u0131labilir.<\/p><p><strong>\u00d6nemli \u0130pu\u00e7lar\u0131:<\/strong><\/p><ul class=\"wp-block-list\"><li>Mobilyalar\u0131 duvarlara yaslayarak ortada daha fazla bo\u015f alan yaratabiliriz.<\/li><li>A\u00e7\u0131k renk mobilyalar, mekan\u0131 daha ferah g\u00f6sterir.<\/li><li>Aynalar, \u0131\u015f\u0131\u011f\u0131 yans\u0131tarak mekan\u0131 daha geni\u015f g\u00f6stermeye yard\u0131mc\u0131 olur.<\/li><\/ul><h3 class=\"wp-block-heading\">Minimalist Yakla\u015f\u0131m\u0131n \u00d6nemi<\/h3><p>Minimalist yakla\u015f\u0131m, k\u00fc\u00e7\u00fck ev dekorasyonunda sihirli bir de\u011fnek gibidir. Az e\u015fya ile ferah ve d\u00fczenli bir g\u00f6r\u00fcn\u00fcm elde edebiliriz. Kullanmad\u0131\u011f\u0131n\u0131z e\u015fyalardan kurtularak, evinizde daha fazla alan a\u00e7abilirsiniz. Sadece ger\u00e7ekten ihtiya\u00e7 duydu\u011funuz ve sevdi\u011finiz e\u015fyalar\u0131 tutarak, hem g\u00f6rsel hem de fonksiyonel bir d\u00fczen sa\u011flayabilirsiniz. Minimalizm, ayn\u0131 zamanda daha az temizlik ve daha az stres anlam\u0131na da gelir.<\/p><figure class=\"wp-block-image\"><img decoding=\"async\" src=\"https:\/\/www.modamob.com.tr\/wp-content\/uploads\/2025\/06\/11-kucuk-ev-dekorasyonu-1-scaled.jpg\" alt=\"K\u00fc\u00e7\u00fck Ev Dekorasyonu\" title=\"K\u00fc\u00e7\u00fck Ev Dekorasyonu\"><\/figure><h2 class=\"wp-block-heading\">1+1 Evlerde Ayd\u0131nlatma Teknikleri<\/h2><p>Bir <strong>K\u00fc\u00e7\u00fck Ev Dekorasyonu<\/strong> projesinde ayd\u0131nlatman\u0131n \u00f6nemi genellikle g\u00f6z ard\u0131 edilir. Oysaki do\u011fru ayd\u0131nlatma ile k\u00fc\u00e7\u00fck bir 1+1 ev bile ferah ve davetkar bir atmosfere kavu\u015fabilir. Ayd\u0131nlatma, mekan alg\u0131s\u0131n\u0131 de\u011fi\u015ftirmenin yan\u0131 s\u0131ra, ruh halimizi ve enerji seviyemizi de etkiler. \u0130\u015fte 1+1 evinizde ayd\u0131nlatmay\u0131 en etkili \u015fekilde kullanman\u0131z i\u00e7in baz\u0131 ipu\u00e7lar\u0131:<\/p><h3 class=\"wp-block-heading\">Do\u011fal I\u015f\u0131\u011f\u0131 Maksimize Etme<\/h3><p>Do\u011fal \u0131\u015f\u0131k, k\u00fc\u00e7\u00fck evlerin en iyi arkada\u015f\u0131d\u0131r. Mekan\u0131 daha geni\u015f ve havadar g\u00f6sterir. G\u00fcn \u0131\u015f\u0131\u011f\u0131ndan maksimum fayda sa\u011flamak i\u00e7in \u015fu ad\u0131mlar\u0131 izleyebiliriz:<\/p><ul class=\"wp-block-list\"><li><strong>Perde ve Stor Se\u00e7imi:<\/strong> Kal\u0131n ve koyu renk perdeler yerine, ince ve a\u00e7\u0131k renkli kuma\u015flar tercih edelim. Bu sayede g\u00fcn \u0131\u015f\u0131\u011f\u0131 i\u00e7eri rahat\u00e7a girebilir. Jaluzi veya storlar da \u0131\u015f\u0131\u011f\u0131 kontrol etmede etkili bir \u00e7\u00f6z\u00fcmd\u00fcr.<\/li><li><strong>Aynalar:<\/strong> Aynalar, \u0131\u015f\u0131\u011f\u0131 yans\u0131tarak mekan\u0131 daha ayd\u0131nl\u0131k hale getirir. Stratejik olarak yerle\u015ftirece\u011fimiz b\u00fcy\u00fck bir ayna, odan\u0131n atmosferini tamamen de\u011fi\u015ftirebilir.<\/li><li><strong>Duvar Renkleri:<\/strong> A\u00e7\u0131k renk duvarlar, \u0131\u015f\u0131\u011f\u0131 yans\u0131tarak oday\u0131 daha ferah g\u00f6sterirken, koyu renkler \u0131\u015f\u0131\u011f\u0131 absorbe eder. Bu y\u00fczden <strong>K\u00fc\u00e7\u00fck Ev Dekorasyonu<\/strong> i\u00e7in a\u00e7\u0131k renkler tercih etmeliyiz.<\/li><\/ul><h3 class=\"wp-block-heading\">Yapay Ayd\u0131nlatma ile Ortam Yaratma<\/h3><p>Do\u011fal \u0131\u015f\u0131\u011f\u0131n yetersiz kald\u0131\u011f\u0131 zamanlarda yapay ayd\u0131nlatma devreye girer. Farkl\u0131 ayd\u0131nlatma t\u00fcrlerini kombinleyerek hem i\u015flevsel hem de \u015f\u0131k bir ortam yaratabiliriz.<\/p><ul class=\"wp-block-list\"><li><strong>Katmanl\u0131 Ayd\u0131nlatma:<\/strong> Tek bir tavan lambas\u0131 yerine, farkl\u0131 ama\u00e7lara hizmet eden \u00e7e\u015fitli lambalar kullanal\u0131m. \u00d6rne\u011fin, tavana bir avize, okuma k\u00f6\u015fesine bir lambader, yemek masas\u0131n\u0131n \u00fczerine de \u015f\u0131k bir sark\u0131t lamba ekleyebiliriz.<\/li><li><strong>Spot Ayd\u0131nlatma:<\/strong> Spot lambalar, belirli alanlar\u0131 vurgulamak ve odak noktalar\u0131 olu\u015fturmak i\u00e7in idealdir. \u00d6rne\u011fin, bir tablo veya dekoratif bir objeyi spot \u0131\u015f\u0131\u011f\u0131yla ayd\u0131nlatabiliriz.<\/li><li><strong>LED \u015eeritler:<\/strong> Dolaplar\u0131n alt\u0131na veya tavan\u0131n \u00e7evresine yerle\u015ftirece\u011fimiz LED \u015feritler, hem \u015f\u0131k bir g\u00f6r\u00fcn\u00fcm sa\u011flar hem de ortam\u0131 yumu\u015fat\u0131r.<\/li><\/ul><figure class=\"wp-block-table\"><table><thead><tr><th>Ayd\u0131nlatma T\u00fcr\u00fc<\/th><th>Ama\u00e7<\/th><th>Etki<\/th><\/tr><\/thead><tbody><tr><td>Tavan Lambas\u0131<\/td><td>Genel ayd\u0131nlatma<\/td><td>Ferah bir ortam<\/td><\/tr><tr><td>Lambader<\/td><td>Okuma, dinlenme<\/td><td>Rahatlat\u0131c\u0131 bir atmosfer<\/td><\/tr><tr><td>Aplik<\/td><td>Duvarlar\u0131 ayd\u0131nlatma<\/td><td>\u015e\u0131k ve dekoratif<\/td><\/tr><tr><td>Spot I\u015f\u0131klar<\/td><td>Belirli alanlar\u0131 vurgulama<\/td><td>Dramatik bir etki<\/td><\/tr><\/tbody><\/table><\/figure><h2 class=\"wp-block-heading\"><strong>K\u00fc\u00e7\u00fck Ev Dekorasyonu<\/strong>: Renklerin G\u00fcc\u00fc<\/h2><p>Renklerin, bir mekan\u0131n atmosferini ve alg\u0131s\u0131n\u0131 nas\u0131l etkiledi\u011fini biliyor muydunuz? \u00d6zellikle k\u00fc\u00e7\u00fck 1+1 evlerde, do\u011fru renk se\u00e7imleri evin daha ferah ve geni\u015f g\u00f6r\u00fcnmesini sa\u011flayabilir. Bu b\u00f6l\u00fcmde, renklerin g\u00fcc\u00fcnden nas\u0131l yararlanabilece\u011fimizi ve k\u00fc\u00e7\u00fck mekanlarda nas\u0131l etkili bir \u015fekilde kullanabilece\u011fimizi ke\u015ffedece\u011fiz.<\/p><h3 class=\"wp-block-heading\">Geni\u015flik Alg\u0131s\u0131 Yaratan Renkler<\/h3><p>A\u00e7\u0131k renkler, \u0131\u015f\u0131\u011f\u0131 yans\u0131tarak mekan\u0131n daha geni\u015f ve havadar hissedilmesine yard\u0131mc\u0131 olur. Beyaz, krem, pastel tonlar\u0131ndaki mavi, ye\u015fil ve sar\u0131 gibi renkler, duvarlarda ve tavanlarda kullan\u0131larak ferahl\u0131k hissi yarat\u0131r. \u00d6rne\u011fin, beyaz duvarlar ve a\u00e7\u0131k renkli mobilyalar, odaya daha fazla \u0131\u015f\u0131k girmesini sa\u011flar ve mekan\u0131 oldu\u011fundan daha geni\u015f g\u00f6sterir. A\u015fa\u011f\u0131daki tablo, geni\u015flik alg\u0131s\u0131 yaratmak i\u00e7in kullanabilece\u011finiz baz\u0131 renkleri ve etkilerini g\u00f6stermektedir:<\/p><figure class=\"wp-block-table\"><table><thead><tr><th>Renk<\/th><th>Etkisi<\/th><\/tr><\/thead><tbody><tr><td>\u0411\u0435\u043b\u044b\u0439<\/td><td>Temiz, ferah, geni\u015f bir atmosfer yarat\u0131r.<\/td><\/tr><tr><td>Krem<\/td><td>S\u0131cak ve davetkar bir his verir.<\/td><\/tr><tr><td>Pastel Mavi<\/td><td>Sakinle\u015ftirici ve huzurlu bir ortam sa\u011flar.<\/td><\/tr><tr><td>Pastel Ye\u015fil<\/td><td>Do\u011fal ve rahatlat\u0131c\u0131 bir etki yarat\u0131r.<\/td><\/tr><tr><td>A\u00e7\u0131k Gri<\/td><td>Modern ve \u015f\u0131k bir g\u00f6r\u00fcn\u00fcm sa\u011flar.<\/td><\/tr><\/tbody><\/table><\/figure><h3 class=\"wp-block-heading\">Renklerle Dekoratif Vurgular<\/h3><p>A\u00e7\u0131k renklerin hakim oldu\u011fu bir mekanda, birka\u00e7 stratejik noktada koyu renkler kullanarak dekoratif vurgular yaratabiliriz. \u00d6rne\u011fin, bir duvar\u0131 koyu renge boyayarak odak noktas\u0131 olu\u015fturabilir veya koyu renkli aksesuarlar kullanarak derinlik katabiliriz. Koyu renkler, k\u00fc\u00e7\u00fck alanlarda dikkatli kullan\u0131ld\u0131\u011f\u0131nda, mekana \u015f\u0131kl\u0131k ve karakter kazand\u0131r\u0131r. Bununla birlikte, a\u015f\u0131r\u0131ya ka\u00e7mamak \u00f6nemlidir. \u00c7ok fazla koyu renk kullanmak, mekan\u0131 daha k\u00fc\u00e7\u00fck ve karanl\u0131k g\u00f6sterebilir. Yast\u0131klar, perdeler, hal\u0131lar gibi tekstil \u00fcr\u00fcnlerinde ve dekoratif objelerde canl\u0131 renkler kullanarak da mekana enerji ve hareketlilik katabiliriz. Bu sayede, hem ferah hem de ki\u015fisel tarz\u0131m\u0131z\u0131 yans\u0131tan bir ya\u015fam alan\u0131 olu\u015fturabiliriz.<\/p><h2 class=\"wp-block-heading\">K\u00fc\u00e7\u00fck Evlerde Depolama \u00c7\u00f6z\u00fcmleri<\/h2><p>1+1 gibi k\u00fc\u00e7\u00fck evlerde ya\u015faman\u0131n en b\u00fcy\u00fck zorluklar\u0131ndan biri, hi\u00e7 \u015f\u00fcphesiz depolama alan\u0131d\u0131r. E\u015fyalar\u0131m\u0131z\u0131 d\u00fczenli ve pratik bir \u015fekilde saklayabilmek, ferah bir ya\u015fam alan\u0131 yaratmak i\u00e7in olduk\u00e7a \u00f6nemli. Neyse ki, ak\u0131ll\u0131 depolama \u00e7\u00f6z\u00fcmleriyle k\u00fc\u00e7\u00fck alanlar\u0131 verimli bir \u015fekilde kullanabiliriz. <strong>K\u00fc\u00e7\u00fck Ev Dekorasyonu<\/strong> i\u00e7in baz\u0131 pratik depolama \u00f6nerilerimizi sizinle payla\u015fmak istiyoruz.<\/p><h3 class=\"wp-block-heading\">Duvar Raflar\u0131 ve Ask\u0131l\u0131 Sistemler<\/h3><p>Duvarlar\u0131 de\u011ferlendirmek, yerden tasarruf etmenin en etkili yollar\u0131ndan biridir. Duvar raflar\u0131, kitap, dekoratif objeler ve hatta k\u00fc\u00e7\u00fck ev aletleri i\u00e7in ideal bir \u00e7\u00f6z\u00fcm sunar. Ask\u0131l\u0131 sistemler ise mutfak gere\u00e7lerini, havlular\u0131 veya k\u0131yafetleri d\u00fczenlemek i\u00e7in kullan\u0131labilir. B\u00f6ylece hem alandan kazan\u0131r\u0131z hem de e\u015fyalar\u0131m\u0131z\u0131 sergileyebiliriz.<\/p><h3 class=\"wp-block-heading\">Gizli Depolama Alanlar\u0131<\/h3><p>Yatak alt\u0131, koltuk alt\u0131 veya merdiven bo\u015fluklar\u0131 gibi genellikle g\u00f6zden ka\u00e7an alanlar, depolama i\u00e7in harika f\u0131rsatlar sunar. Bu alanlara \u00f6zel olarak tasarlanm\u0131\u015f \u00e7ekmeceler veya kutular yerle\u015ftirerek, kullanmad\u0131\u011f\u0131m\u0131z e\u015fyalar\u0131 d\u00fczenli bir \u015fekilde saklayabiliriz. B\u00f6ylece evimiz daha derli toplu g\u00f6r\u00fcn\u00fcr.<\/p><h3 class=\"wp-block-heading\">\u00c7ok Ama\u00e7l\u0131 Mobilyalar<\/h3><p><strong>K\u00fc\u00e7\u00fck Ev Dekorasyonu<\/strong> i\u00e7in \u00e7ok ama\u00e7l\u0131 mobilyalar ger\u00e7ek bir kurtar\u0131c\u0131 olabilir. \u00d6rne\u011fin, yatakl\u0131 kanepe, puf tipi sand\u0131k veya depolama alan\u0131 olan sehpa gibi mobilyalar, hem i\u015flevsel hem de yer tasarrufu sa\u011flayan m\u00fckemmel se\u00e7eneklerdir. Bu t\u00fcr mobilyalar sayesinde az e\u015fyayla maksimum verim elde edebiliriz.<\/p><p>A\u015fa\u011f\u0131daki tabloda, k\u00fc\u00e7\u00fck evlerde depolama \u00e7\u00f6z\u00fcmleri i\u00e7in baz\u0131 ek fikirler ve hangi alanlarda kullan\u0131labilecekleri \u00f6zetlenmi\u015ftir:<\/p><figure class=\"wp-block-table\"><table><thead><tr><th>Depolama \u00c7\u00f6z\u00fcm\u00fc<\/th><th>A\u00e7\u0131klama<\/th><th>Uygun Alanlar<\/th><\/tr><\/thead><tbody><tr><td>Vakumlu saklama torbalar\u0131<\/td><td>Mevsimlik k\u0131yafetler ve yorganlar i\u00e7in ideal<\/td><td>Yatak alt\u0131, gard\u0131rop \u00fcst\u00fc<\/td><\/tr><tr><td>Katlanabilir mobilyalar<\/td><td>Ekstra sandalye veya masa ihtiyac\u0131 i\u00e7in pratik<\/td><td>Balkon, depo<\/td><\/tr><tr><td>Kap\u0131 arkas\u0131 d\u00fczenleyiciler<\/td><td>Temizlik malzemeleri, ayakkab\u0131lar veya aksesuarlar i\u00e7in<\/td><td>Banyo, yatak odas\u0131 kap\u0131s\u0131<\/td><\/tr><tr><td>\u015eeffaf saklama kutular\u0131<\/td><td>\u0130\u00e7eri\u011fini g\u00f6rmeyi kolayla\u015ft\u0131r\u0131r, d\u00fczenli bir g\u00f6r\u00fcn\u00fcm sa\u011flar<\/td><td>Kiler, dolaplar<\/td><\/tr><tr><td>Ask\u0131l\u0131 d\u00fczenleyiciler<\/td><td>Gard\u0131rop i\u00e7i d\u00fczeni art\u0131r\u0131r<\/td><td>\u0433\u0430\u0440\u0434\u0435\u0440\u043e\u0431<\/td><\/tr><\/tbody><\/table><\/figure><p>Bu \u00f6nerileri uygulayarak, 1+1 evinizde dahi ferah ve d\u00fczenli bir ya\u015fam alan\u0131 yaratabilirsiniz. Unutmay\u0131n, anahtar kelime &#8220;ak\u0131ll\u0131 depolama&#8221;!<\/p><figure class=\"wp-block-image\"><img decoding=\"async\" src=\"https:\/\/www.modamob.com.tr\/wp-content\/uploads\/2025\/06\/11-kucuk-ev-dekorasyonu-2-scaled.jpg\" alt=\"K\u00fc\u00e7\u00fck Ev Dekorasyonu\" title=\"K\u00fc\u00e7\u00fck Ev Dekorasyonu\"><\/figure><h2 class=\"wp-block-heading\">1+1 Ev Dekorasyonunda Stil ve Ki\u015fiselle\u015ftirme<\/h2><p>Bir <strong>K\u00fc\u00e7\u00fck Ev Dekorasyonu<\/strong> projesinde stil ve ki\u015fiselle\u015ftirme, mekan\u0131n\u0131za karakter katman\u0131n ve onu ger\u00e7ekten &#8220;sizin&#8221; mekan\u0131n\u0131z haline getirmenin anahtar\u0131d\u0131r. 1+1 gibi s\u0131n\u0131rl\u0131 alanlarda, stil sahibi se\u00e7imlerle hem g\u00f6ze ho\u015f gelen hem de fonksiyonel bir ya\u015fam alan\u0131 yaratabiliriz. \u0130\u015fte size ilham verecek baz\u0131 fikirler:<\/p><h3 class=\"wp-block-heading\">Minimalist Bir Yakla\u015f\u0131m<\/h3><p>Minimalizm, k\u00fc\u00e7\u00fck evlerde harikalar yarat\u0131r. Az e\u015fya, daha ferah bir ortam anlam\u0131na gelir. Sade ve temiz \u00e7izgilere sahip mobilyalar, a\u00e7\u0131k renk paletleri ve gereksiz aksesuarlardan ka\u00e7\u0131nmak, mekan\u0131n daha geni\u015f ve d\u00fczenli g\u00f6r\u00fcnmesini sa\u011flar. Duvarlarda b\u00fcy\u00fck aynalar kullanmak da derinlik alg\u0131s\u0131 yaratarak mekan\u0131 oldu\u011fundan daha b\u00fcy\u00fck g\u00f6sterir.<\/p><h3 class=\"wp-block-heading\">Ki\u015fisel Zevkinizi Yans\u0131tan Detaylar<\/h3><p>Minimalist bir yakla\u015f\u0131m benimsesek bile, ki\u015fili\u011fimizi yans\u0131tan detaylar eklemekten \u00e7ekinmemeliyiz. Sevdi\u011fimiz renklerde k\u0131rlentler, \u00f6zel an\u0131lar\u0131m\u0131z\u0131 bar\u0131nd\u0131ran foto\u011fraflar, hobi alanlar\u0131m\u0131z\u0131 yans\u0131tan objeler\u2026 Bu k\u00fc\u00e7\u00fck dokunu\u015flar, eve s\u0131cakl\u0131k ve karakter katar. A\u015fa\u011f\u0131daki tabloda, ki\u015fisel zevkinizi yans\u0131tacak baz\u0131 detaylar\u0131 ve nas\u0131l kullan\u0131labileceklerini \u00f6zetledik:<\/p><figure class=\"wp-block-table\"><table><thead><tr><th>Detay<\/th><th>Nas\u0131l Kullan\u0131l\u0131r?<\/th><\/tr><\/thead><tbody><tr><td>Bitkiler<\/td><td>Eve canl\u0131l\u0131k katar, havay\u0131 temizler. K\u00fc\u00e7\u00fck saks\u0131lar tercih edilebilir.<\/td><\/tr><tr><td>Kitaplar<\/td><td>Rahat bir okuma k\u00f6\u015fesi olu\u015fturun. Raflar yerine duvar ni\u015fleri de\u011ferlendirilebilir.<\/td><\/tr><tr><td>Mumlar<\/td><td>Ho\u015f kokular ve ambiyans yarat\u0131r. Dekoratif mumluklar kullan\u0131labilir.<\/td><\/tr><tr><td>Tekstil \u00dcr\u00fcnleri<\/td><td>K\u0131rlent, battaniye gibi tekstil \u00fcr\u00fcnleriyle renk ve doku ekleyin. Mevsime uygun se\u00e7imler yap\u0131n.<\/td><\/tr><\/tbody><\/table><\/figure><h3 class=\"wp-block-heading\"><strong>K\u00fc\u00e7\u00fck Ev Dekorasyonu<\/strong> ile B\u00fct\u00fcnl\u00fck<\/h3><p>Ki\u015fiselle\u015ftirme yaparken, mekan\u0131n genel stiliyle uyumu korumak \u00f6nemlidir. Se\u00e7ti\u011fimiz her detay, birbiriyle ve mekan\u0131n genel atmosferiyle bir b\u00fct\u00fcnl\u00fck olu\u015fturmal\u0131d\u0131r. \u00d6rne\u011fin, minimalist bir dekorasyonda \u00e7ok say\u0131da s\u00fcsl\u00fc obje kullanmak, g\u00f6z yorucu ve da\u011f\u0131n\u0131k bir g\u00f6r\u00fcnt\u00fcye neden olabilir. Bunun yerine, az say\u0131da ve \u00f6zenle se\u00e7ilmi\u015f aksesuarlar tercih etmek, \u015f\u0131k ve dengeli bir g\u00f6r\u00fcn\u00fcm sa\u011flar. Ayr\u0131ca, mobilyalar\u0131n ve aksesuarlar\u0131n renklerini birbiriyle uyumlu se\u00e7mek de b\u00fct\u00fcnl\u00fck a\u00e7\u0131s\u0131ndan \u00f6nemlidir.<\/p><h2 class=\"wp-block-heading\">S\u0131k\u00e7a Sorulan Sorular<\/h2><h3 class=\"wp-block-heading\">K\u00fc\u00e7\u00fck bir evim var. Hangi dekorasyon stilini tercih etmeliyim?<\/h3><p>Minimalist dekorasyon, k\u00fc\u00e7\u00fck evlerde en \u00e7ok tercih edilen dekorasyon stillerinden biridir. Az e\u015fya ve sadelik prensibiyle ferah bir ortam sa\u011flar. K\u00fc\u00e7\u00fck evlerde kullanabilece\u011finiz minimalist dekorasyon fikirleri i\u00e7in \u00f6ncelikle evinizdeki fazlal\u0131klardan kurtulun. Sadece ihtiya\u00e7 duydu\u011funuz e\u015fyalar\u0131 bulundurun. A\u00e7\u0131k renkler ve do\u011fal \u0131\u015f\u0131k kullan\u0131n. Duvarlarda ve mobilyalarda a\u00e7\u0131k renkler tercih edin ve do\u011fal \u0131\u015f\u0131\u011f\u0131 olabildi\u011fince i\u00e7eri al\u0131n. Fonksiyonel mobilyalar kullan\u0131n. Katlanabilir masa, a\u00e7\u0131l\u0131r kapan\u0131r yatak gibi \u00e7ok ama\u00e7l\u0131 mobilyalar k\u00fc\u00e7\u00fck evlerde yerden tasarruf etmenizi sa\u011flar. Aynalar kullan\u0131n. Aynalar, k\u00fc\u00e7\u00fck alanlar\u0131 daha b\u00fcy\u00fck g\u00f6sterir ve \u0131\u015f\u0131\u011f\u0131 yans\u0131tarak ortam\u0131 daha ayd\u0131nl\u0131k hale getirir.<\/p><h3 class=\"wp-block-heading\">K\u00fc\u00e7\u00fck bir evde depolama sorununu nas\u0131l \u00e7\u00f6zebilirim?<\/h3><p>K\u00fc\u00e7\u00fck evlerde depolama en b\u00fcy\u00fck sorunlardan biridir. E\u015fyalar\u0131n\u0131z\u0131 d\u00fczenli bir \u015fekilde saklamak ve yerden tasarruf etmek i\u00e7in kullanabilece\u011finiz baz\u0131 depolama \u00e7\u00f6z\u00fcmleri \u015funlard\u0131r: Duvar raflar\u0131 kullan\u0131n, yatak alt\u0131 veya koltuk alt\u0131 gibi kullan\u0131lmayan alanlar\u0131 de\u011ferlendirin, \u00e7ok ama\u00e7l\u0131 mobilyalar tercih edin, dikey depolama \u00e7\u00f6z\u00fcmleri kullan\u0131n ve d\u00fczenleyici kutular kullan\u0131n.<\/p><h3 class=\"wp-block-heading\">K\u00fc\u00e7\u00fck ev dekorasyonunda nelere dikkat etmeliyim?<\/h3><p>K\u00fc\u00e7\u00fck bir evi dekore ederken en s\u0131k yap\u0131lan hatalardan baz\u0131lar\u0131 \u015funlard\u0131r: \u00c7ok fazla e\u015fya kullanmak, koyu renkler kullanmak, b\u00fcy\u00fck mobilyalar kullanmak, do\u011fal \u0131\u015f\u0131\u011f\u0131 engellemek ve duvarlar\u0131 tablolarla doldurmak. Bu hatalardan ka\u00e7\u0131narak k\u00fc\u00e7\u00fck evinizi daha ferah ve \u015f\u0131k hale getirebilirsiniz.<\/p><h3 class=\"wp-block-heading\">K\u00fc\u00e7\u00fck evimi nas\u0131l daha geni\u015f g\u00f6sterebilirim?<\/h3><p>K\u00fc\u00e7\u00fck evinizi daha geni\u015f g\u00f6stermek i\u00e7in a\u00e7\u0131k renkler kullan\u0131n. \u00d6zellikle beyaz, bej, gri gibi n\u00f6tr renkler k\u00fc\u00e7\u00fck mekanlar\u0131 daha b\u00fcy\u00fck g\u00f6sterir. Duvarlarda ve mobilyalarda a\u00e7\u0131k renkler kullanarak evinizin daha ayd\u0131nl\u0131k ve ferah g\u00f6r\u00fcnmesini sa\u011flayabilirsiniz. Bol miktarda ayna kullanmak da k\u00fc\u00e7\u00fck mekanlar\u0131 daha b\u00fcy\u00fck g\u00f6stermenin bir di\u011fer yoludur. Aynalar, \u0131\u015f\u0131\u011f\u0131 yans\u0131tarak ortam\u0131 daha geni\u015f ve ayd\u0131nl\u0131k g\u00f6sterir. Ayr\u0131ca, mobilyalar\u0131n\u0131z\u0131 stratejik olarak yerle\u015ftirerek de evinizin daha geni\u015f ve ferah g\u00f6r\u00fcnmesini sa\u011flayabilirsiniz. B\u00fcy\u00fck ve a\u011f\u0131r mobilyalar yerine, daha k\u00fc\u00e7\u00fck ve fonksiyonel mobilyalar tercih ederek yerden tasarruf edebilir ve evinizin daha geni\u015f g\u00f6r\u00fcnmesini sa\u011flayabilirsiniz.<\/p>","protected":false},"excerpt":{"rendered":"<p>Dar alanlar\u0131 dekore etmek g\u00f6z korkutucu bir g\u00f6rev gibi g\u00f6r\u00fcnebilir, ancak do\u011fru tekniklerle 1+1 evinizde \u015f\u0131k ve fonksiyonel bir ya\u015fam alan\u0131 yaratmak m\u00fcmk\u00fcn. Bu yaz\u0131m\u0131zda, k\u00fc\u00e7\u00fck metrekareleri en verimli \u015fekilde kullanman\u0131za yard\u0131mc\u0131 olacak pratik ipu\u00e7lar\u0131 ve yarat\u0131c\u0131 fikirler sunaca\u011f\u0131z. Ak\u0131ll\u0131 yerle\u015fim planlar\u0131ndan ayd\u0131nlatma tekniklerine, renklerin g\u00fcc\u00fcnden depolama \u00e7\u00f6z\u00fcmlerine ve ki\u015fisel stilinizi yans\u0131tmaya kadar, K\u00fc\u00e7\u00fck Ev [&hellip;]<\/p>","protected":false},"author":126,"featured_media":0,"comment_status":"open","ping_status":"closed","sticky":false,"template":"","format":"standard","meta":{"footnotes":""},"categories":[180,181],"tags":[183,190,195,198],"class_list":["post-18977","post","type-post","status-publish","format-standard","hentry","category-genel","category-blog","tag-akilli-mobilyalar","tag-akilli-mobilya-nedir","tag-akilli-mobilya","tag-pratik-urunler"],"yoast_head":"<!-- This site is optimized with the Yoast SEO plugin v26.8 - https:\/\/yoast.com\/product\/yoast-seo-wordpress\/ -->\n<title>1+1 K\u00fc\u00e7\u00fck Ev Dekorasyonu - Modamob Ak\u0131ll\u0131 Mobilya<\/title>\n<meta name=\"robots\" content=\"index, follow, max-snippet:-1, max-image-preview:large, max-video-preview:-1\" \/>\n<link rel=\"canonical\" href=\"https:\/\/www.modamob.com.tr\/ru\/11-kucuk-ev-dekorasyonu\/\" \/>\n<meta property=\"og:locale\" content=\"ru_RU\" \/>\n<meta property=\"og:type\" content=\"article\" \/>\n<meta property=\"og:title\" content=\"1+1 K\u00fc\u00e7\u00fck Ev Dekorasyonu - Modamob Ak\u0131ll\u0131 Mobilya\" \/>\n<meta property=\"og:description\" content=\"Dar alanlar\u0131 dekore etmek g\u00f6z korkutucu bir g\u00f6rev gibi g\u00f6r\u00fcnebilir, ancak do\u011fru tekniklerle 1+1 evinizde \u015f\u0131k ve fonksiyonel bir ya\u015fam alan\u0131 yaratmak m\u00fcmk\u00fcn. Bu yaz\u0131m\u0131zda, k\u00fc\u00e7\u00fck metrekareleri en verimli \u015fekilde kullanman\u0131za yard\u0131mc\u0131 olacak pratik ipu\u00e7lar\u0131 ve yarat\u0131c\u0131 fikirler sunaca\u011f\u0131z. Ak\u0131ll\u0131 yerle\u015fim planlar\u0131ndan ayd\u0131nlatma tekniklerine, renklerin g\u00fcc\u00fcnden depolama \u00e7\u00f6z\u00fcmlerine ve ki\u015fisel stilinizi yans\u0131tmaya kadar, K\u00fc\u00e7\u00fck Ev [&hellip;]\" \/>\n<meta property=\"og:url\" content=\"https:\/\/www.modamob.com.tr\/ru\/11-kucuk-ev-dekorasyonu\/\" \/>\n<meta property=\"og:site_name\" content=\"Modamob Ak\u0131ll\u0131 Mobilya\" \/>\n<meta property=\"article:published_time\" content=\"2025-06-28T13:39:31+00:00\" \/>\n<meta property=\"og:image\" content=\"https:\/\/www.modamob.com.tr\/wp-content\/uploads\/2025\/06\/11-kucuk-ev-dekorasyonu-1-scaled.jpg\" \/>\n<meta name=\"author\" content=\"Samet Sa\u011flam\" \/>\n<meta name=\"twitter:card\" content=\"summary_large_image\" \/>\n<meta name=\"twitter:label1\" content=\"\u041d\u0430\u043f\u0438\u0441\u0430\u043d\u043e \u0430\u0432\u0442\u043e\u0440\u043e\u043c\" \/>\n\t<meta name=\"twitter:data1\" content=\"Samet Sa\u011flam\" \/>\n\t<meta name=\"twitter:label2\" content=\"\u041f\u0440\u0438\u043c\u0435\u0440\u043d\u043e\u0435 \u0432\u0440\u0435\u043c\u044f \u0434\u043b\u044f \u0447\u0442\u0435\u043d\u0438\u044f\" \/>\n\t<meta name=\"twitter:data2\" content=\"11 \u043c\u0438\u043d\u0443\u0442\" \/>\n<script type=\"application\/ld+json\" class=\"yoast-schema-graph\">{\"@context\":\"https:\/\/schema.org\",\"@graph\":[{\"@type\":\"Article\",\"@id\":\"https:\/\/www.modamob.com.tr\/11-kucuk-ev-dekorasyonu\/#article\",\"isPartOf\":{\"@id\":\"https:\/\/www.modamob.com.tr\/11-kucuk-ev-dekorasyonu\/\"},\"author\":{\"name\":\"Samet Sa\u011flam\",\"@id\":\"https:\/\/www.modamob.com.tr\/#\/schema\/person\/192f7ab7ae68d24c87e2002831097f95\"},\"headline\":\"1+1 K\u00fc\u00e7\u00fck Ev Dekorasyonu\",\"datePublished\":\"2025-06-28T13:39:31+00:00\",\"mainEntityOfPage\":{\"@id\":\"https:\/\/www.modamob.com.tr\/11-kucuk-ev-dekorasyonu\/\"},\"wordCount\":2341,\"commentCount\":0,\"image\":{\"@id\":\"https:\/\/www.modamob.com.tr\/11-kucuk-ev-dekorasyonu\/#primaryimage\"},\"thumbnailUrl\":\"https:\/\/www.modamob.com.tr\/wp-content\/uploads\/2025\/06\/11-kucuk-ev-dekorasyonu-1-scaled.jpg\",\"keywords\":[\"Ak\u0131ll\u0131 mobilyalar\",\"Ak\u0131ll\u0131 Mobilya Nedir?\",\"ak\u0131ll\u0131 mobilya\",\"Pratik \u00fcr\u00fcnler\"],\"articleSection\":[\"Genel\",\"Blog\"],\"inLanguage\":\"ru-RU\",\"potentialAction\":[{\"@type\":\"CommentAction\",\"name\":\"Comment\",\"target\":[\"https:\/\/www.modamob.com.tr\/11-kucuk-ev-dekorasyonu\/#respond\"]}]},{\"@type\":\"WebPage\",\"@id\":\"https:\/\/www.modamob.com.tr\/11-kucuk-ev-dekorasyonu\/\",\"url\":\"https:\/\/www.modamob.com.tr\/11-kucuk-ev-dekorasyonu\/\",\"name\":\"1+1 K\u00fc\u00e7\u00fck Ev Dekorasyonu - Modamob Ak\u0131ll\u0131 Mobilya\",\"isPartOf\":{\"@id\":\"https:\/\/www.modamob.com.tr\/#website\"},\"primaryImageOfPage\":{\"@id\":\"https:\/\/www.modamob.com.tr\/11-kucuk-ev-dekorasyonu\/#primaryimage\"},\"image\":{\"@id\":\"https:\/\/www.modamob.com.tr\/11-kucuk-ev-dekorasyonu\/#primaryimage\"},\"thumbnailUrl\":\"https:\/\/www.modamob.com.tr\/wp-content\/uploads\/2025\/06\/11-kucuk-ev-dekorasyonu-1-scaled.jpg\",\"datePublished\":\"2025-06-28T13:39:31+00:00\",\"author\":{\"@id\":\"https:\/\/www.modamob.com.tr\/#\/schema\/person\/192f7ab7ae68d24c87e2002831097f95\"},\"breadcrumb\":{\"@id\":\"https:\/\/www.modamob.com.tr\/11-kucuk-ev-dekorasyonu\/#breadcrumb\"},\"inLanguage\":\"ru-RU\",\"potentialAction\":[{\"@type\":\"ReadAction\",\"target\":[\"https:\/\/www.modamob.com.tr\/11-kucuk-ev-dekorasyonu\/\"]}]},{\"@type\":\"ImageObject\",\"inLanguage\":\"ru-RU\",\"@id\":\"https:\/\/www.modamob.com.tr\/11-kucuk-ev-dekorasyonu\/#primaryimage\",\"url\":\"https:\/\/www.modamob.com.tr\/wp-content\/uploads\/2025\/06\/11-kucuk-ev-dekorasyonu-1-scaled.jpg\",\"contentUrl\":\"https:\/\/www.modamob.com.tr\/wp-content\/uploads\/2025\/06\/11-kucuk-ev-dekorasyonu-1-scaled.jpg\"},{\"@type\":\"BreadcrumbList\",\"@id\":\"https:\/\/www.modamob.com.tr\/11-kucuk-ev-dekorasyonu\/#breadcrumb\",\"itemListElement\":[{\"@type\":\"ListItem\",\"position\":1,\"name\":\"Anasayfa\",\"item\":\"https:\/\/www.modamob.com.tr\/\"},{\"@type\":\"ListItem\",\"position\":2,\"name\":\"1+1 K\u00fc\u00e7\u00fck Ev Dekorasyonu\"}]},{\"@type\":\"WebSite\",\"@id\":\"https:\/\/www.modamob.com.tr\/#website\",\"url\":\"https:\/\/www.modamob.com.tr\/\",\"name\":\"Modamob Ak\u0131ll\u0131 Mobilya\",\"description\":\"Yeni Nesil Hareketli Mobilyalar\",\"potentialAction\":[{\"@type\":\"SearchAction\",\"target\":{\"@type\":\"EntryPoint\",\"urlTemplate\":\"https:\/\/www.modamob.com.tr\/?s={search_term_string}\"},\"query-input\":{\"@type\":\"PropertyValueSpecification\",\"valueRequired\":true,\"valueName\":\"search_term_string\"}}],\"inLanguage\":\"ru-RU\"},{\"@type\":\"Person\",\"@id\":\"https:\/\/www.modamob.com.tr\/#\/schema\/person\/192f7ab7ae68d24c87e2002831097f95\",\"name\":\"Samet Sa\u011flam\",\"image\":{\"@type\":\"ImageObject\",\"inLanguage\":\"ru-RU\",\"@id\":\"https:\/\/www.modamob.com.tr\/#\/schema\/person\/image\/\",\"url\":\"https:\/\/www.modamob.com.tr\/wp-content\/litespeed\/avatar\/881597fac596fa38a4c0741ea8af1645.jpg?ver=1777117634\",\"contentUrl\":\"https:\/\/www.modamob.com.tr\/wp-content\/litespeed\/avatar\/881597fac596fa38a4c0741ea8af1645.jpg?ver=1777117634\",\"caption\":\"Samet Sa\u011flam\"},\"url\":\"https:\/\/www.modamob.com.tr\/ru\/author\/modamob\/\"}]}<\/script>\n<!-- \/ Yoast SEO plugin. -->","yoast_head_json":{"title":"1+1 K\u00fc\u00e7\u00fck Ev Dekorasyonu - Modamob Ak\u0131ll\u0131 Mobilya","robots":{"index":"index","follow":"follow","max-snippet":"max-snippet:-1","max-image-preview":"max-image-preview:large","max-video-preview":"max-video-preview:-1"},"canonical":"https:\/\/www.modamob.com.tr\/ru\/11-kucuk-ev-dekorasyonu\/","og_locale":"ru_RU","og_type":"article","og_title":"1+1 K\u00fc\u00e7\u00fck Ev Dekorasyonu - Modamob Ak\u0131ll\u0131 Mobilya","og_description":"Dar alanlar\u0131 dekore etmek g\u00f6z korkutucu bir g\u00f6rev gibi g\u00f6r\u00fcnebilir, ancak do\u011fru tekniklerle 1+1 evinizde \u015f\u0131k ve fonksiyonel bir ya\u015fam alan\u0131 yaratmak m\u00fcmk\u00fcn. Bu yaz\u0131m\u0131zda, k\u00fc\u00e7\u00fck metrekareleri en verimli \u015fekilde kullanman\u0131za yard\u0131mc\u0131 olacak pratik ipu\u00e7lar\u0131 ve yarat\u0131c\u0131 fikirler sunaca\u011f\u0131z. Ak\u0131ll\u0131 yerle\u015fim planlar\u0131ndan ayd\u0131nlatma tekniklerine, renklerin g\u00fcc\u00fcnden depolama \u00e7\u00f6z\u00fcmlerine ve ki\u015fisel stilinizi yans\u0131tmaya kadar, K\u00fc\u00e7\u00fck Ev [&hellip;]","og_url":"https:\/\/www.modamob.com.tr\/ru\/11-kucuk-ev-dekorasyonu\/","og_site_name":"Modamob Ak\u0131ll\u0131 Mobilya","article_published_time":"2025-06-28T13:39:31+00:00","og_image":[{"url":"https:\/\/www.modamob.com.tr\/wp-content\/uploads\/2025\/06\/11-kucuk-ev-dekorasyonu-1-scaled.jpg","type":"","width":"","height":""}],"author":"Samet Sa\u011flam","twitter_card":"summary_large_image","twitter_misc":{"\u041d\u0430\u043f\u0438\u0441\u0430\u043d\u043e \u0430\u0432\u0442\u043e\u0440\u043e\u043c":"Samet Sa\u011flam","\u041f\u0440\u0438\u043c\u0435\u0440\u043d\u043e\u0435 \u0432\u0440\u0435\u043c\u044f \u0434\u043b\u044f \u0447\u0442\u0435\u043d\u0438\u044f":"11 \u043c\u0438\u043d\u0443\u0442"},"schema":{"@context":"https:\/\/schema.org","@graph":[{"@type":"Article","@id":"https:\/\/www.modamob.com.tr\/11-kucuk-ev-dekorasyonu\/#article","isPartOf":{"@id":"https:\/\/www.modamob.com.tr\/11-kucuk-ev-dekorasyonu\/"},"author":{"name":"Samet Sa\u011flam","@id":"https:\/\/www.modamob.com.tr\/#\/schema\/person\/192f7ab7ae68d24c87e2002831097f95"},"headline":"1+1 K\u00fc\u00e7\u00fck Ev Dekorasyonu","datePublished":"2025-06-28T13:39:31+00:00","mainEntityOfPage":{"@id":"https:\/\/www.modamob.com.tr\/11-kucuk-ev-dekorasyonu\/"},"wordCount":2341,"commentCount":0,"image":{"@id":"https:\/\/www.modamob.com.tr\/11-kucuk-ev-dekorasyonu\/#primaryimage"},"thumbnailUrl":"https:\/\/www.modamob.com.tr\/wp-content\/uploads\/2025\/06\/11-kucuk-ev-dekorasyonu-1-scaled.jpg","keywords":["Ak\u0131ll\u0131 mobilyalar","Ak\u0131ll\u0131 Mobilya Nedir?","ak\u0131ll\u0131 mobilya","Pratik \u00fcr\u00fcnler"],"articleSection":["Genel","Blog"],"inLanguage":"ru-RU","potentialAction":[{"@type":"CommentAction","name":"Comment","target":["https:\/\/www.modamob.com.tr\/11-kucuk-ev-dekorasyonu\/#respond"]}]},{"@type":"WebPage","@id":"https:\/\/www.modamob.com.tr\/11-kucuk-ev-dekorasyonu\/","url":"https:\/\/www.modamob.com.tr\/11-kucuk-ev-dekorasyonu\/","name":"1+1 K\u00fc\u00e7\u00fck Ev Dekorasyonu - Modamob Ak\u0131ll\u0131 Mobilya","isPartOf":{"@id":"https:\/\/www.modamob.com.tr\/#website"},"primaryImageOfPage":{"@id":"https:\/\/www.modamob.com.tr\/11-kucuk-ev-dekorasyonu\/#primaryimage"},"image":{"@id":"https:\/\/www.modamob.com.tr\/11-kucuk-ev-dekorasyonu\/#primaryimage"},"thumbnailUrl":"https:\/\/www.modamob.com.tr\/wp-content\/uploads\/2025\/06\/11-kucuk-ev-dekorasyonu-1-scaled.jpg","datePublished":"2025-06-28T13:39:31+00:00","author":{"@id":"https:\/\/www.modamob.com.tr\/#\/schema\/person\/192f7ab7ae68d24c87e2002831097f95"},"breadcrumb":{"@id":"https:\/\/www.modamob.com.tr\/11-kucuk-ev-dekorasyonu\/#breadcrumb"},"inLanguage":"ru-RU","potentialAction":[{"@type":"ReadAction","target":["https:\/\/www.modamob.com.tr\/11-kucuk-ev-dekorasyonu\/"]}]},{"@type":"ImageObject","inLanguage":"ru-RU","@id":"https:\/\/www.modamob.com.tr\/11-kucuk-ev-dekorasyonu\/#primaryimage","url":"https:\/\/www.modamob.com.tr\/wp-content\/uploads\/2025\/06\/11-kucuk-ev-dekorasyonu-1-scaled.jpg","contentUrl":"https:\/\/www.modamob.com.tr\/wp-content\/uploads\/2025\/06\/11-kucuk-ev-dekorasyonu-1-scaled.jpg"},{"@type":"BreadcrumbList","@id":"https:\/\/www.modamob.com.tr\/11-kucuk-ev-dekorasyonu\/#breadcrumb","itemListElement":[{"@type":"ListItem","position":1,"name":"Anasayfa","item":"https:\/\/www.modamob.com.tr\/"},{"@type":"ListItem","position":2,"name":"1+1 K\u00fc\u00e7\u00fck Ev Dekorasyonu"}]},{"@type":"WebSite","@id":"https:\/\/www.modamob.com.tr\/#website","url":"https:\/\/www.modamob.com.tr\/","name":"\u041c\u043e\u0434\u0430\u043c\u043e\u0431 \u0423\u043c\u043d\u0430\u044f \u041c\u0435\u0431\u0435\u043b\u044c","description":"\u041f\u0435\u0440\u0435\u0434\u0432\u0438\u0436\u043d\u0430\u044f \u043c\u0435\u0431\u0435\u043b\u044c \u043d\u043e\u0432\u043e\u0433\u043e \u043f\u043e\u043a\u043e\u043b\u0435\u043d\u0438\u044f","potentialAction":[{"@type":"SearchAction","target":{"@type":"EntryPoint","urlTemplate":"https:\/\/www.modamob.com.tr\/?s={search_term_string}"},"query-input":{"@type":"PropertyValueSpecification","valueRequired":true,"valueName":"search_term_string"}}],"inLanguage":"ru-RU"},{"@type":"Person","@id":"https:\/\/www.modamob.com.tr\/#\/schema\/person\/192f7ab7ae68d24c87e2002831097f95","name":"Samet Sa\u011flam","image":{"@type":"ImageObject","inLanguage":"ru-RU","@id":"https:\/\/www.modamob.com.tr\/#\/schema\/person\/image\/","url":"https:\/\/www.modamob.com.tr\/wp-content\/litespeed\/avatar\/881597fac596fa38a4c0741ea8af1645.jpg?ver=1777117634","contentUrl":"https:\/\/www.modamob.com.tr\/wp-content\/litespeed\/avatar\/881597fac596fa38a4c0741ea8af1645.jpg?ver=1777117634","caption":"Samet Sa\u011flam"},"url":"https:\/\/www.modamob.com.tr\/ru\/author\/modamob\/"}]}},"_links":{"self":[{"href":"https:\/\/www.modamob.com.tr\/ru\/wp-json\/wp\/v2\/posts\/18977","targetHints":{"allow":["GET"]}}],"collection":[{"href":"https:\/\/www.modamob.com.tr\/ru\/wp-json\/wp\/v2\/posts"}],"about":[{"href":"https:\/\/www.modamob.com.tr\/ru\/wp-json\/wp\/v2\/types\/post"}],"author":[{"embeddable":true,"href":"https:\/\/www.modamob.com.tr\/ru\/wp-json\/wp\/v2\/users\/126"}],"replies":[{"embeddable":true,"href":"https:\/\/www.modamob.com.tr\/ru\/wp-json\/wp\/v2\/comments?post=18977"}],"version-history":[{"count":0,"href":"https:\/\/www.modamob.com.tr\/ru\/wp-json\/wp\/v2\/posts\/18977\/revisions"}],"wp:attachment":[{"href":"https:\/\/www.modamob.com.tr\/ru\/wp-json\/wp\/v2\/media?parent=18977"}],"wp:term":[{"taxonomy":"category","embeddable":true,"href":"https:\/\/www.modamob.com.tr\/ru\/wp-json\/wp\/v2\/categories?post=18977"},{"taxonomy":"post_tag","embeddable":true,"href":"https:\/\/www.modamob.com.tr\/ru\/wp-json\/wp\/v2\/tags?post=18977"}],"curies":[{"name":"wp","href":"https:\/\/api.w.org\/{rel}","templated":true}]}}