{"id":16805,"date":"2024-10-19T10:18:45","date_gmt":"2024-10-19T07:18:45","guid":{"rendered":"https:\/\/www.modamob.com.tr\/?p=16805"},"modified":"2024-11-10T21:45:27","modified_gmt":"2024-11-10T18:45:27","slug":"meubles-intelligents-jeunes-chambres-2","status":"publish","type":"post","link":"https:\/\/www.modamob.com.tr\/fr\/meubles-intelligents-jeunes-chambres-2\/","title":{"rendered":"Chambres de jeunes meubles intelligents"},"content":{"rendered":"<p>De nos jours, alors que la technologie se r\u00e9pand dans tous les aspects de notre vie, la conception des meubles conna\u00eet une grande transformation. Les jeunes, en particulier, accordent davantage d\u2019attention aux espaces de vie \u00e0 la fois \u00e9l\u00e9gants et fonctionnels. \u00e0 ce point <strong>meubles intelligents pour chambres d&#039;adolescents<\/strong> entre en jeu et propose des solutions innovantes pour r\u00e9pondre aux attentes des jeunes. Alors, quelle diff\u00e9rence les meubles intelligents font-ils dans les chambres d\u2019adolescents ?<\/p>\n\n\n\n<h2 class=\"wp-block-heading\">Utilisation de meubles intelligents pour les jeunes ?<\/h2>\n\n\n\n<p>Les meubles intelligents sont des meubles int\u00e9gr\u00e9s \u00e0 la technologie et con\u00e7us pour r\u00e9pondre au mieux aux besoins de l&#039;utilisateur. Le mobilier intelligent dans les chambres de jeunes comprend des solutions polyvalentes qui r\u00e9pondent aux besoins d&#039;\u00e9ducation, de divertissement et de loisirs des jeunes. Qu&#039;il s&#039;agisse de designs minimalistes ou de meubles high-tech, les meubles intelligents allient ergonomie et esth\u00e9tique.<\/p>\n\n\n\n<h3 class=\"wp-block-heading\">Des solutions fonctionnelles et \u00e9l\u00e9gantes pour les jeunes<\/h3>\n\n\n\n<p>La priorit\u00e9 en mati\u00e8re de mobilier intelligent con\u00e7u pour les jeunes est toujours <strong>fonctionnalit\u00e9<\/strong> Et <strong>utilit\u00e9<\/strong> est arriv\u00e9. Les conceptions offrant une utilisation maximale, en particulier dans les espaces \u00e9troits, attirent l&#039;attention des jeunes. Des fonctionnalit\u00e9s telles que des zones de rangement cach\u00e9es sous les lits, des stations de recharge int\u00e9gr\u00e9es aux bureaux de travail et des syst\u00e8mes d&#039;\u00e9tag\u00e8res \u00e9clair\u00e9es par LED permettent d&#039;\u00e9conomiser de l&#039;espace et de donner une apparence moderne.<\/p>\n\n\n\n<h3 class=\"wp-block-heading\">D\u00e9tails Apporter la technologie \u00e0 votre pi\u00e8ce<\/h3>\n\n\n\n<p>Les meubles intelligents pour chambre d&#039;adolescent apportent la technologie dans tous les coins de la pi\u00e8ce. Par exemple:<\/p>\n\n\n\n<ul class=\"wp-block-list\">\n<li><strong>Bureaux avec chargement sans fil<\/strong>: Vous permet de recharger votre smartphone sans encombrement de c\u00e2bles.<\/li>\n\n\n\n<li><strong>Syst\u00e8mes d&#039;\u00e9clairage \u00e0 commande vocale<\/strong>: Il est possible d&#039;allumer et d&#039;\u00e9teindre les lumi\u00e8res de la pi\u00e8ce avec de simples commandes vocales.<\/li>\n\n\n\n<li><strong>Armoires multim\u00e9dia int\u00e9gr\u00e9es<\/strong>: Les armoires de votre chambre sont \u00e9quip\u00e9es d&#039;\u00e9crans et de haut-parleurs, ce qui porte votre exp\u00e9rience de visionnage de films \u00e0 une autre dimension.<\/li>\n<\/ul>\n\n\n\n<h3 class=\"wp-block-heading\">Confort et design ergonomique<\/h3>\n\n\n\n<p>Un autre aspect important des meubles intelligents est leur conception ergonomique. Pour les jeunes qui \u00e9tudient ou jouent \u00e0 des jeux \u00e0 un bureau pendant de longues heures <strong>bureau et chaises ergonomiques<\/strong>, prot\u00e8ge \u00e0 la fois le confort et la sant\u00e9. De plus, gr\u00e2ce aux fonctionnalit\u00e9s r\u00e9glables en hauteur et en position, chaque jeune peut cr\u00e9er son propre environnement de travail id\u00e9al.<\/p>\n\n\n\n<h3 class=\"wp-block-heading\">Mat\u00e9riaux durables et durables<\/h3>\n\n\n\n<p>De nos jours, une production respectueuse de l&#039;environnement est devenue un crit\u00e8re important dans la conception de meubles intelligents. Les meubles fabriqu\u00e9s \u00e0 partir de mat\u00e9riaux durables sont \u00e0 la fois respectueux de l\u2019environnement et durables. Les jeunes investissent ainsi dans l\u2019avenir en accord avec la conscience environnementale.<\/p>\n\n\n\n<h3 class=\"wp-block-heading\">Possibilit\u00e9s de personnalisation<\/h3>\n\n\n\n<p>Une autre tendance en mati\u00e8re de mobilier de chambre d&#039;adolescent intelligent est <strong>personnalisation<\/strong>. Conform\u00e9ment au style et aux go\u00fbts des jeunes, des modifications peuvent \u00eatre apport\u00e9es aux meubles en fonction de leurs pr\u00e9f\u00e9rences en mati\u00e8re de couleur, de motif et de fonction. Gr\u00e2ce aux conceptions modulaires, les meubles de la pi\u00e8ce peuvent \u00eatre r\u00e9organis\u00e9s selon les besoins et diff\u00e9rentes combinaisons peuvent \u00eatre cr\u00e9\u00e9es.<\/p>","protected":false},"excerpt":{"rendered":"<p>G\u00fcn\u00fcm\u00fczde teknolojinin hayat\u0131m\u0131z\u0131n her alan\u0131na yay\u0131lmas\u0131yla birlikte, mobilya tasar\u0131mlar\u0131nda da b\u00fcy\u00fck bir d\u00f6n\u00fc\u015f\u00fcm ya\u015fan\u0131yor. \u00d6zellikle gen\u00e7ler, hem \u015f\u0131k hem de fonksiyonel ya\u015fam alanlar\u0131na daha fazla \u00f6nem veriyor. Bu noktada ak\u0131ll\u0131 mobilya gen\u00e7 odalar\u0131 devreye giriyor ve gen\u00e7lerin beklentilerini kar\u015f\u0131lamak i\u00e7in yenilik\u00e7i \u00e7\u00f6z\u00fcmler sunuyor. Peki, ak\u0131ll\u0131 mobilyalar gen\u00e7 odalar\u0131nda nas\u0131l bir fark yarat\u0131yor? Gen\u00e7ler \u0130\u00e7in Ak\u0131ll\u0131 [&hellip;]<\/p>","protected":false},"author":114,"featured_media":16159,"comment_status":"open","ping_status":"closed","sticky":false,"template":"","format":"standard","meta":{"footnotes":""},"categories":[180,181,193],"tags":[],"class_list":["post-16805","post","type-post","status-publish","format-standard","has-post-thumbnail","hentry","category-genel","category-blog","category-akilli-mobilya"],"yoast_head":"<!-- This site is optimized with the Yoast SEO plugin v26.8 - https:\/\/yoast.com\/product\/yoast-seo-wordpress\/ -->\n<title>Ak\u0131ll\u0131 Mobilya Gen\u00e7 Odalar\u0131\u200b - Modamob Ak\u0131ll\u0131 Mobilya<\/title>\n<meta name=\"robots\" content=\"index, follow, max-snippet:-1, max-image-preview:large, max-video-preview:-1\" \/>\n<link rel=\"canonical\" href=\"https:\/\/www.modamob.com.tr\/fr\/meubles-intelligents-jeunes-chambres-2\/\" \/>\n<meta property=\"og:locale\" content=\"fr_FR\" \/>\n<meta property=\"og:type\" content=\"article\" \/>\n<meta property=\"og:title\" content=\"Ak\u0131ll\u0131 Mobilya Gen\u00e7 Odalar\u0131\u200b - Modamob Ak\u0131ll\u0131 Mobilya\" \/>\n<meta property=\"og:description\" content=\"G\u00fcn\u00fcm\u00fczde teknolojinin hayat\u0131m\u0131z\u0131n her alan\u0131na yay\u0131lmas\u0131yla birlikte, mobilya tasar\u0131mlar\u0131nda da b\u00fcy\u00fck bir d\u00f6n\u00fc\u015f\u00fcm ya\u015fan\u0131yor. \u00d6zellikle gen\u00e7ler, hem \u015f\u0131k hem de fonksiyonel ya\u015fam alanlar\u0131na daha fazla \u00f6nem veriyor. Bu noktada ak\u0131ll\u0131 mobilya gen\u00e7 odalar\u0131 devreye giriyor ve gen\u00e7lerin beklentilerini kar\u015f\u0131lamak i\u00e7in yenilik\u00e7i \u00e7\u00f6z\u00fcmler sunuyor. Peki, ak\u0131ll\u0131 mobilyalar gen\u00e7 odalar\u0131nda nas\u0131l bir fark yarat\u0131yor? Gen\u00e7ler \u0130\u00e7in Ak\u0131ll\u0131 [&hellip;]\" \/>\n<meta property=\"og:url\" content=\"https:\/\/www.modamob.com.tr\/fr\/meubles-intelligents-jeunes-chambres-2\/\" \/>\n<meta property=\"og:site_name\" content=\"Modamob Ak\u0131ll\u0131 Mobilya\" \/>\n<meta property=\"article:published_time\" content=\"2024-10-19T07:18:45+00:00\" \/>\n<meta property=\"article:modified_time\" content=\"2024-11-10T18:45:27+00:00\" \/>\n<meta property=\"og:image\" content=\"https:\/\/www.modamob.com.tr\/wp-content\/uploads\/2024\/04\/Modamob8414-1-1-scaled.webp\" \/>\n\t<meta property=\"og:image:width\" content=\"2560\" \/>\n\t<meta property=\"og:image:height\" content=\"1920\" \/>\n\t<meta property=\"og:image:type\" content=\"image\/jpeg\" \/>\n<meta name=\"author\" content=\"Kayhan Akkaya\" \/>\n<meta name=\"twitter:card\" content=\"summary_large_image\" \/>\n<meta name=\"twitter:label1\" content=\"\u00c9crit par\" \/>\n\t<meta name=\"twitter:data1\" content=\"Kayhan Akkaya\" \/>\n\t<meta name=\"twitter:label2\" content=\"Dur\u00e9e de lecture estim\u00e9e\" \/>\n\t<meta name=\"twitter:data2\" content=\"3 minutes\" \/>\n<script type=\"application\/ld+json\" class=\"yoast-schema-graph\">{\"@context\":\"https:\/\/schema.org\",\"@graph\":[{\"@type\":\"Article\",\"@id\":\"https:\/\/www.modamob.com.tr\/akilli-mobilya-genc-odalari-2\/#article\",\"isPartOf\":{\"@id\":\"https:\/\/www.modamob.com.tr\/akilli-mobilya-genc-odalari-2\/\"},\"author\":{\"name\":\"Kayhan Akkaya\",\"@id\":\"https:\/\/www.modamob.com.tr\/#\/schema\/person\/3e18094eac4c75e15b86d3fad879f030\"},\"headline\":\"Ak\u0131ll\u0131 Mobilya Gen\u00e7 Odalar\u0131\u200b\",\"datePublished\":\"2024-10-19T07:18:45+00:00\",\"dateModified\":\"2024-11-10T18:45:27+00:00\",\"mainEntityOfPage\":{\"@id\":\"https:\/\/www.modamob.com.tr\/akilli-mobilya-genc-odalari-2\/\"},\"wordCount\":513,\"commentCount\":0,\"image\":{\"@id\":\"https:\/\/www.modamob.com.tr\/akilli-mobilya-genc-odalari-2\/#primaryimage\"},\"thumbnailUrl\":\"https:\/\/www.modamob.com.tr\/wp-content\/uploads\/2024\/04\/Modamob8414-1-1-scaled.webp\",\"articleSection\":[\"Genel\",\"Blog\",\"Ak\u0131ll\u0131 Mobilya\"],\"inLanguage\":\"fr-FR\",\"potentialAction\":[{\"@type\":\"CommentAction\",\"name\":\"Comment\",\"target\":[\"https:\/\/www.modamob.com.tr\/akilli-mobilya-genc-odalari-2\/#respond\"]}]},{\"@type\":\"WebPage\",\"@id\":\"https:\/\/www.modamob.com.tr\/akilli-mobilya-genc-odalari-2\/\",\"url\":\"https:\/\/www.modamob.com.tr\/akilli-mobilya-genc-odalari-2\/\",\"name\":\"Ak\u0131ll\u0131 Mobilya Gen\u00e7 Odalar\u0131\u200b - Modamob Ak\u0131ll\u0131 Mobilya\",\"isPartOf\":{\"@id\":\"https:\/\/www.modamob.com.tr\/#website\"},\"primaryImageOfPage\":{\"@id\":\"https:\/\/www.modamob.com.tr\/akilli-mobilya-genc-odalari-2\/#primaryimage\"},\"image\":{\"@id\":\"https:\/\/www.modamob.com.tr\/akilli-mobilya-genc-odalari-2\/#primaryimage\"},\"thumbnailUrl\":\"https:\/\/www.modamob.com.tr\/wp-content\/uploads\/2024\/04\/Modamob8414-1-1-scaled.webp\",\"datePublished\":\"2024-10-19T07:18:45+00:00\",\"dateModified\":\"2024-11-10T18:45:27+00:00\",\"author\":{\"@id\":\"https:\/\/www.modamob.com.tr\/#\/schema\/person\/3e18094eac4c75e15b86d3fad879f030\"},\"breadcrumb\":{\"@id\":\"https:\/\/www.modamob.com.tr\/akilli-mobilya-genc-odalari-2\/#breadcrumb\"},\"inLanguage\":\"fr-FR\",\"potentialAction\":[{\"@type\":\"ReadAction\",\"target\":[\"https:\/\/www.modamob.com.tr\/akilli-mobilya-genc-odalari-2\/\"]}]},{\"@type\":\"ImageObject\",\"inLanguage\":\"fr-FR\",\"@id\":\"https:\/\/www.modamob.com.tr\/akilli-mobilya-genc-odalari-2\/#primaryimage\",\"url\":\"https:\/\/www.modamob.com.tr\/wp-content\/uploads\/2024\/04\/Modamob8414-1-1-scaled.webp\",\"contentUrl\":\"https:\/\/www.modamob.com.tr\/wp-content\/uploads\/2024\/04\/Modamob8414-1-1-scaled.webp\",\"width\":2560,\"height\":1920},{\"@type\":\"BreadcrumbList\",\"@id\":\"https:\/\/www.modamob.com.tr\/akilli-mobilya-genc-odalari-2\/#breadcrumb\",\"itemListElement\":[{\"@type\":\"ListItem\",\"position\":1,\"name\":\"Anasayfa\",\"item\":\"https:\/\/www.modamob.com.tr\/\"},{\"@type\":\"ListItem\",\"position\":2,\"name\":\"Ak\u0131ll\u0131 Mobilya Gen\u00e7 Odalar\u0131\u200b\"}]},{\"@type\":\"WebSite\",\"@id\":\"https:\/\/www.modamob.com.tr\/#website\",\"url\":\"https:\/\/www.modamob.com.tr\/\",\"name\":\"Modamob Ak\u0131ll\u0131 Mobilya\",\"description\":\"Yeni Nesil Hareketli Mobilyalar\",\"potentialAction\":[{\"@type\":\"SearchAction\",\"target\":{\"@type\":\"EntryPoint\",\"urlTemplate\":\"https:\/\/www.modamob.com.tr\/?s={search_term_string}\"},\"query-input\":{\"@type\":\"PropertyValueSpecification\",\"valueRequired\":true,\"valueName\":\"search_term_string\"}}],\"inLanguage\":\"fr-FR\"},{\"@type\":\"Person\",\"@id\":\"https:\/\/www.modamob.com.tr\/#\/schema\/person\/3e18094eac4c75e15b86d3fad879f030\",\"name\":\"Kayhan Akkaya\",\"image\":{\"@type\":\"ImageObject\",\"inLanguage\":\"fr-FR\",\"@id\":\"https:\/\/www.modamob.com.tr\/#\/schema\/person\/image\/\",\"url\":\"https:\/\/www.modamob.com.tr\/wp-content\/litespeed\/avatar\/5dd3b2c2bca814e422309c656b3f4804.jpg?ver=1777118350\",\"contentUrl\":\"https:\/\/www.modamob.com.tr\/wp-content\/litespeed\/avatar\/5dd3b2c2bca814e422309c656b3f4804.jpg?ver=1777118350\",\"caption\":\"Kayhan Akkaya\"},\"sameAs\":[\"https:\/\/www.modamob.com.tr\/\"],\"url\":\"https:\/\/www.modamob.com.tr\/fr\/author\/kayhan-akkaya\/\"}]}<\/script>\n<!-- \/ Yoast SEO plugin. -->","yoast_head_json":{"title":"Mobilier Intelligent Chambres Jeunes - Modamob Mobilier Intelligent","robots":{"index":"index","follow":"follow","max-snippet":"max-snippet:-1","max-image-preview":"max-image-preview:large","max-video-preview":"max-video-preview:-1"},"canonical":"https:\/\/www.modamob.com.tr\/fr\/meubles-intelligents-jeunes-chambres-2\/","og_locale":"fr_FR","og_type":"article","og_title":"Ak\u0131ll\u0131 Mobilya Gen\u00e7 Odalar\u0131\u200b - Modamob Ak\u0131ll\u0131 Mobilya","og_description":"G\u00fcn\u00fcm\u00fczde teknolojinin hayat\u0131m\u0131z\u0131n her alan\u0131na yay\u0131lmas\u0131yla birlikte, mobilya tasar\u0131mlar\u0131nda da b\u00fcy\u00fck bir d\u00f6n\u00fc\u015f\u00fcm ya\u015fan\u0131yor. \u00d6zellikle gen\u00e7ler, hem \u015f\u0131k hem de fonksiyonel ya\u015fam alanlar\u0131na daha fazla \u00f6nem veriyor. Bu noktada ak\u0131ll\u0131 mobilya gen\u00e7 odalar\u0131 devreye giriyor ve gen\u00e7lerin beklentilerini kar\u015f\u0131lamak i\u00e7in yenilik\u00e7i \u00e7\u00f6z\u00fcmler sunuyor. Peki, ak\u0131ll\u0131 mobilyalar gen\u00e7 odalar\u0131nda nas\u0131l bir fark yarat\u0131yor? Gen\u00e7ler \u0130\u00e7in Ak\u0131ll\u0131 [&hellip;]","og_url":"https:\/\/www.modamob.com.tr\/fr\/meubles-intelligents-jeunes-chambres-2\/","og_site_name":"Modamob Ak\u0131ll\u0131 Mobilya","article_published_time":"2024-10-19T07:18:45+00:00","article_modified_time":"2024-11-10T18:45:27+00:00","og_image":[{"width":2560,"height":1920,"url":"https:\/\/www.modamob.com.tr\/wp-content\/uploads\/2024\/04\/Modamob8414-1-1-scaled.webp","type":"image\/jpeg"}],"author":"Kayhan Akkaya","twitter_card":"summary_large_image","twitter_misc":{"\u00c9crit par":"Kayhan Akkaya","Dur\u00e9e de lecture estim\u00e9e":"3 minutes"},"schema":{"@context":"https:\/\/schema.org","@graph":[{"@type":"Article","@id":"https:\/\/www.modamob.com.tr\/akilli-mobilya-genc-odalari-2\/#article","isPartOf":{"@id":"https:\/\/www.modamob.com.tr\/akilli-mobilya-genc-odalari-2\/"},"author":{"name":"Kayhan Akkaya","@id":"https:\/\/www.modamob.com.tr\/#\/schema\/person\/3e18094eac4c75e15b86d3fad879f030"},"headline":"Ak\u0131ll\u0131 Mobilya Gen\u00e7 Odalar\u0131\u200b","datePublished":"2024-10-19T07:18:45+00:00","dateModified":"2024-11-10T18:45:27+00:00","mainEntityOfPage":{"@id":"https:\/\/www.modamob.com.tr\/akilli-mobilya-genc-odalari-2\/"},"wordCount":513,"commentCount":0,"image":{"@id":"https:\/\/www.modamob.com.tr\/akilli-mobilya-genc-odalari-2\/#primaryimage"},"thumbnailUrl":"https:\/\/www.modamob.com.tr\/wp-content\/uploads\/2024\/04\/Modamob8414-1-1-scaled.webp","articleSection":["Genel","Blog","Ak\u0131ll\u0131 Mobilya"],"inLanguage":"fr-FR","potentialAction":[{"@type":"CommentAction","name":"Comment","target":["https:\/\/www.modamob.com.tr\/akilli-mobilya-genc-odalari-2\/#respond"]}]},{"@type":"WebPage","@id":"https:\/\/www.modamob.com.tr\/akilli-mobilya-genc-odalari-2\/","url":"https:\/\/www.modamob.com.tr\/akilli-mobilya-genc-odalari-2\/","name":"Mobilier Intelligent Chambres Jeunes - Modamob Mobilier Intelligent","isPartOf":{"@id":"https:\/\/www.modamob.com.tr\/#website"},"primaryImageOfPage":{"@id":"https:\/\/www.modamob.com.tr\/akilli-mobilya-genc-odalari-2\/#primaryimage"},"image":{"@id":"https:\/\/www.modamob.com.tr\/akilli-mobilya-genc-odalari-2\/#primaryimage"},"thumbnailUrl":"https:\/\/www.modamob.com.tr\/wp-content\/uploads\/2024\/04\/Modamob8414-1-1-scaled.webp","datePublished":"2024-10-19T07:18:45+00:00","dateModified":"2024-11-10T18:45:27+00:00","author":{"@id":"https:\/\/www.modamob.com.tr\/#\/schema\/person\/3e18094eac4c75e15b86d3fad879f030"},"breadcrumb":{"@id":"https:\/\/www.modamob.com.tr\/akilli-mobilya-genc-odalari-2\/#breadcrumb"},"inLanguage":"fr-FR","potentialAction":[{"@type":"ReadAction","target":["https:\/\/www.modamob.com.tr\/akilli-mobilya-genc-odalari-2\/"]}]},{"@type":"ImageObject","inLanguage":"fr-FR","@id":"https:\/\/www.modamob.com.tr\/akilli-mobilya-genc-odalari-2\/#primaryimage","url":"https:\/\/www.modamob.com.tr\/wp-content\/uploads\/2024\/04\/Modamob8414-1-1-scaled.webp","contentUrl":"https:\/\/www.modamob.com.tr\/wp-content\/uploads\/2024\/04\/Modamob8414-1-1-scaled.webp","width":2560,"height":1920},{"@type":"BreadcrumbList","@id":"https:\/\/www.modamob.com.tr\/akilli-mobilya-genc-odalari-2\/#breadcrumb","itemListElement":[{"@type":"ListItem","position":1,"name":"Anasayfa","item":"https:\/\/www.modamob.com.tr\/"},{"@type":"ListItem","position":2,"name":"Ak\u0131ll\u0131 Mobilya Gen\u00e7 Odalar\u0131\u200b"}]},{"@type":"WebSite","@id":"https:\/\/www.modamob.com.tr\/#website","url":"https:\/\/www.modamob.com.tr\/","name":"Meubles intelligents Modamob","description":"Mobilier mobile nouvelle g\u00e9n\u00e9ration","potentialAction":[{"@type":"SearchAction","target":{"@type":"EntryPoint","urlTemplate":"https:\/\/www.modamob.com.tr\/?s={search_term_string}"},"query-input":{"@type":"PropertyValueSpecification","valueRequired":true,"valueName":"search_term_string"}}],"inLanguage":"fr-FR"},{"@type":"Person","@id":"https:\/\/www.modamob.com.tr\/#\/schema\/person\/3e18094eac4c75e15b86d3fad879f030","name":"Kayhan Akkaya","image":{"@type":"ImageObject","inLanguage":"fr-FR","@id":"https:\/\/www.modamob.com.tr\/#\/schema\/person\/image\/","url":"https:\/\/www.modamob.com.tr\/wp-content\/litespeed\/avatar\/5dd3b2c2bca814e422309c656b3f4804.jpg?ver=1777118350","contentUrl":"https:\/\/www.modamob.com.tr\/wp-content\/litespeed\/avatar\/5dd3b2c2bca814e422309c656b3f4804.jpg?ver=1777118350","caption":"Kayhan Akkaya"},"sameAs":["https:\/\/www.modamob.com.tr\/"],"url":"https:\/\/www.modamob.com.tr\/fr\/author\/kayhan-akkaya\/"}]}},"_links":{"self":[{"href":"https:\/\/www.modamob.com.tr\/fr\/wp-json\/wp\/v2\/posts\/16805","targetHints":{"allow":["GET"]}}],"collection":[{"href":"https:\/\/www.modamob.com.tr\/fr\/wp-json\/wp\/v2\/posts"}],"about":[{"href":"https:\/\/www.modamob.com.tr\/fr\/wp-json\/wp\/v2\/types\/post"}],"author":[{"embeddable":true,"href":"https:\/\/www.modamob.com.tr\/fr\/wp-json\/wp\/v2\/users\/114"}],"replies":[{"embeddable":true,"href":"https:\/\/www.modamob.com.tr\/fr\/wp-json\/wp\/v2\/comments?post=16805"}],"version-history":[{"count":2,"href":"https:\/\/www.modamob.com.tr\/fr\/wp-json\/wp\/v2\/posts\/16805\/revisions"}],"predecessor-version":[{"id":17150,"href":"https:\/\/www.modamob.com.tr\/fr\/wp-json\/wp\/v2\/posts\/16805\/revisions\/17150"}],"wp:featuredmedia":[{"embeddable":true,"href":"https:\/\/www.modamob.com.tr\/fr\/wp-json\/wp\/v2\/media\/16159"}],"wp:attachment":[{"href":"https:\/\/www.modamob.com.tr\/fr\/wp-json\/wp\/v2\/media?parent=16805"}],"wp:term":[{"taxonomy":"category","embeddable":true,"href":"https:\/\/www.modamob.com.tr\/fr\/wp-json\/wp\/v2\/categories?post=16805"},{"taxonomy":"post_tag","embeddable":true,"href":"https:\/\/www.modamob.com.tr\/fr\/wp-json\/wp\/v2\/tags?post=16805"}],"curies":[{"name":"wp","href":"https:\/\/api.w.org\/{rel}","templated":true}]}}