{"id":11547,"date":"2019-08-31T22:36:28","date_gmt":"2019-08-31T22:36:28","guid":{"rendered":"https:\/\/modamob2.myco.site\/2019\/08\/31\/akilli-mobilya-genc-odalari\/"},"modified":"2019-08-31T22:36:28","modified_gmt":"2019-08-31T22:36:28","slug":"meubles-intelligents-pour-jeunes-chambres","status":"publish","type":"post","link":"https:\/\/www.modamob.com.tr\/fr\/meubles-intelligents-pour-jeunes-chambres\/","title":{"rendered":"Meubles intelligents pour jeunes chambres"},"content":{"rendered":"<p>Les syst\u00e8mes de mobilier intelligents offrent \u00e9galement des solutions id\u00e9ales pour les chambres de jeunes. Les chambres d&#039;adolescents deviennent d\u00e9sormais beaucoup plus spacieuses et utiles avec des meubles intelligents au design original et pratiques dans le style recherch\u00e9 par les jeunes.<\/p>\n<p>&nbsp;<\/p>\n<p>Con\u00e7ues pour permettre aux jeunes d&#039;\u00e9tudier et de se reposer confortablement, les chambres de jeunes au mobilier intelligent sont connues pour offrir des solutions pratiques avec des m\u00e9canismes de lit verticaux et horizontaux. Alors, quelles solutions fonctionnelles sont incluses dans le syst\u00e8me ?<\/p>\n<p>&nbsp;<\/p>\n<h2>Quelles sont les fonctions des chambres de jeunes Smart Furniture ?<\/h2>\n<p>&nbsp;<\/p>\n<p>Les produits de la cat\u00e9gorie des meubles intelligents pour les chambres de jeunes sont essentiellement con\u00e7us avec \u00e0 la fois un lit et d&#039;autres meubles n\u00e9cessaires. Il est possible de cr\u00e9er une chambre d&#039;adolescent compl\u00e8te sur un mur d&#039;environ 2 m\u00e8tres.<\/p>\n<p>&nbsp;<\/p>\n<p>Avec un syst\u00e8me de lit simple\u00a0;<\/p>\n<p>&nbsp;<\/p>\n<p>Armoire avec tiroirs et rangements<\/p>\n<p>Bureau<\/p>\n<p>Biblioth\u00e8que<\/p>\n<p>&nbsp;<\/p>\n<p>Il peut offrir toutes les fonctions r\u00e9pertori\u00e9es ensemble.<\/p>\n<p>&nbsp;<\/p>\n<h3>Armoire avec tiroirs et rangements<\/h3>\n<p>&nbsp;<\/p>\n<p>Le plus gros probl\u00e8me, surtout si vous avez des espaces \u00e9troits ; Apr\u00e8s avoir plac\u00e9 le lit, l&#039;espace restant consiste \u00e0 trouver de l&#039;espace pour les meubles tels que les armoires et les tiroirs. Cependant, vous disposerez \u00e9galement d&#039;une armoire coulissante et d&#039;un tiroir de rangement et d&#039;un espace de penderie con\u00e7us pour \u00eatre utilis\u00e9s avec plaisir dans les chambres de jeunes au mobilier intelligent.<\/p>\n<p>&nbsp;<\/p>\n<h3>Bureau<\/h3>\n<p>&nbsp;<\/p>\n<p>Le bureau, inclus dans le syst\u00e8me de mobilier intelligent, offre aux jeunes un endroit confortable pour \u00e9tudier, lire des livres et pratiquer des activit\u00e9s de temps libre. La section o\u00f9 se trouve le syst\u00e8me de table contient \u00e9galement le syst\u00e8me d&#039;armoire coulissante. Ainsi, il ne prend pas beaucoup de place et offre de multiples fonctions.<\/p>\n<p>&nbsp;<\/p>\n<h3>Biblioth\u00e8que<\/h3>\n<p>&nbsp;<\/p>\n<p>La partie biblioth\u00e8que, qui fait office de bureau, est compos\u00e9e de 2 \u00e9tag\u00e8res. La zone o\u00f9 peuvent \u00eatre plac\u00e9s des livres, des notes et des ornements \u00e9l\u00e9gants offre \u00e9galement une apparence visuellement esth\u00e9tique.<\/p>\n<p>&nbsp;<\/p>\n<h3>lit simple<\/h3>\n<p>&nbsp;<\/p>\n<p>Le m\u00e9canisme du lit s&#039;ouvre verticalement et dispose d&#039;un syst\u00e8me de parois cach\u00e9es rabattables. Il offre plus d&#039;espace de rangement gr\u00e2ce \u00e0 sa t\u00eate de lit \u00e9l\u00e9gante et \u00e0 son armoire de rangement \u00e0 2 portes au-dessus du lit. Lorsque le syst\u00e8me de lit est ferm\u00e9, il y a plus d&#039;espace libre dans la pi\u00e8ce.<\/p>\n<p>&nbsp;<\/p>\n<p>Avec la marque Modamob, pionni\u00e8re en Turquie dans les syst\u00e8mes de meubles intelligents, vos espaces b\u00e9n\u00e9ficient de solutions \u00e0 la fois plus \u00e9l\u00e9gantes et plus fonctionnelles. Pour obtenir plus d&#039;informations sur les chambres de jeunes en meubles intelligents, vous pouvez contacter nos consultants experts en meubles intelligents d\u00e8s maintenant.<\/p>","protected":false},"excerpt":{"rendered":"<p>Ak\u0131ll\u0131 mobilya sistemleri gen\u00e7 odalar\u0131 i\u00e7in de ideal \u00e7\u00f6z\u00fcmler sunuyor. Gen\u00e7lerin arad\u0131\u011f\u0131 tarzda \u00f6zg\u00fcn tasar\u0131ml\u0131 ve pratik ak\u0131ll\u0131 mobilyalarla gen\u00e7 odalar\u0131 art\u0131k \u00e7ok daha ferah ve kullan\u0131\u015fl\u0131 bir hale d\u00f6n\u00fc\u015f\u00fcyor. &nbsp; Gen\u00e7lerin rahat bi\u00e7imde ders \u00e7al\u0131\u015fmalar\u0131 ve dinlenebilmeleri i\u00e7in tasar\u0131mlanan ak\u0131ll\u0131 mobilya gen\u00e7 odalar\u0131 dikey ve yatay yatak mekanizmalar\u0131yla pratik \u00e7\u00f6z\u00fcmler sunmalar\u0131yla biliniyor. Peki, sistem [&hellip;]<\/p>","protected":false},"author":1,"featured_media":11548,"comment_status":"open","ping_status":"closed","sticky":false,"template":"","format":"standard","meta":{"footnotes":""},"categories":[181],"tags":[194],"class_list":["post-11547","post","type-post","status-publish","format-standard","has-post-thumbnail","hentry","category-blog","tag-genc-odalari"],"yoast_head":"<!-- This site is optimized with the Yoast SEO plugin v26.8 - https:\/\/yoast.com\/product\/yoast-seo-wordpress\/ -->\n<title>Ak\u0131ll\u0131 Mobilya Gen\u00e7 Odalar\u0131 - Modamob Ak\u0131ll\u0131 Mobilya<\/title>\n<meta name=\"robots\" content=\"index, follow, max-snippet:-1, max-image-preview:large, max-video-preview:-1\" \/>\n<link rel=\"canonical\" href=\"https:\/\/www.modamob.com.tr\/fr\/meubles-intelligents-pour-jeunes-chambres\/\" \/>\n<meta property=\"og:locale\" content=\"fr_FR\" \/>\n<meta property=\"og:type\" content=\"article\" \/>\n<meta property=\"og:title\" content=\"Ak\u0131ll\u0131 Mobilya Gen\u00e7 Odalar\u0131 - Modamob Ak\u0131ll\u0131 Mobilya\" \/>\n<meta property=\"og:description\" content=\"Ak\u0131ll\u0131 mobilya sistemleri gen\u00e7 odalar\u0131 i\u00e7in de ideal \u00e7\u00f6z\u00fcmler sunuyor. Gen\u00e7lerin arad\u0131\u011f\u0131 tarzda \u00f6zg\u00fcn tasar\u0131ml\u0131 ve pratik ak\u0131ll\u0131 mobilyalarla gen\u00e7 odalar\u0131 art\u0131k \u00e7ok daha ferah ve kullan\u0131\u015fl\u0131 bir hale d\u00f6n\u00fc\u015f\u00fcyor. &nbsp; Gen\u00e7lerin rahat bi\u00e7imde ders \u00e7al\u0131\u015fmalar\u0131 ve dinlenebilmeleri i\u00e7in tasar\u0131mlanan ak\u0131ll\u0131 mobilya gen\u00e7 odalar\u0131 dikey ve yatay yatak mekanizmalar\u0131yla pratik \u00e7\u00f6z\u00fcmler sunmalar\u0131yla biliniyor. Peki, sistem [&hellip;]\" \/>\n<meta property=\"og:url\" content=\"https:\/\/www.modamob.com.tr\/fr\/meubles-intelligents-pour-jeunes-chambres\/\" \/>\n<meta property=\"og:site_name\" content=\"Modamob Ak\u0131ll\u0131 Mobilya\" \/>\n<meta property=\"article:published_time\" content=\"2019-08-31T22:36:28+00:00\" \/>\n<meta property=\"og:image\" content=\"https:\/\/www.modamob.com.tr\/wp-content\/uploads\/2022\/11\/vera-2-1.jpg\" \/>\n\t<meta property=\"og:image:width\" content=\"350\" \/>\n\t<meta property=\"og:image:height\" content=\"233\" \/>\n\t<meta property=\"og:image:type\" content=\"image\/jpeg\" \/>\n<meta name=\"author\" content=\"admin\" \/>\n<meta name=\"twitter:card\" content=\"summary_large_image\" \/>\n<meta name=\"twitter:label1\" content=\"\u00c9crit par\" \/>\n\t<meta name=\"twitter:data1\" content=\"admin\" \/>\n<script type=\"application\/ld+json\" class=\"yoast-schema-graph\">{\"@context\":\"https:\/\/schema.org\",\"@graph\":[{\"@type\":\"Article\",\"@id\":\"https:\/\/www.modamob.com.tr\/akilli-mobilya-genc-odalari\/#article\",\"isPartOf\":{\"@id\":\"https:\/\/www.modamob.com.tr\/akilli-mobilya-genc-odalari\/\"},\"author\":{\"name\":\"admin\",\"@id\":\"https:\/\/www.modamob.com.tr\/#\/schema\/person\/0a46c4fbd763a58fc47acc3fabae7ef2\"},\"headline\":\"Ak\u0131ll\u0131 Mobilya Gen\u00e7 Odalar\u0131\",\"datePublished\":\"2019-08-31T22:36:28+00:00\",\"mainEntityOfPage\":{\"@id\":\"https:\/\/www.modamob.com.tr\/akilli-mobilya-genc-odalari\/\"},\"wordCount\":445,\"commentCount\":0,\"image\":{\"@id\":\"https:\/\/www.modamob.com.tr\/akilli-mobilya-genc-odalari\/#primaryimage\"},\"thumbnailUrl\":\"https:\/\/www.modamob.com.tr\/wp-content\/uploads\/2022\/11\/vera-2-1.jpg\",\"keywords\":[\"Gen\u00e7 Odalar\u0131\"],\"articleSection\":[\"Blog\"],\"inLanguage\":\"fr-FR\",\"potentialAction\":[{\"@type\":\"CommentAction\",\"name\":\"Comment\",\"target\":[\"https:\/\/www.modamob.com.tr\/akilli-mobilya-genc-odalari\/#respond\"]}]},{\"@type\":\"WebPage\",\"@id\":\"https:\/\/www.modamob.com.tr\/akilli-mobilya-genc-odalari\/\",\"url\":\"https:\/\/www.modamob.com.tr\/akilli-mobilya-genc-odalari\/\",\"name\":\"Ak\u0131ll\u0131 Mobilya Gen\u00e7 Odalar\u0131 - Modamob Ak\u0131ll\u0131 Mobilya\",\"isPartOf\":{\"@id\":\"https:\/\/www.modamob.com.tr\/#website\"},\"primaryImageOfPage\":{\"@id\":\"https:\/\/www.modamob.com.tr\/akilli-mobilya-genc-odalari\/#primaryimage\"},\"image\":{\"@id\":\"https:\/\/www.modamob.com.tr\/akilli-mobilya-genc-odalari\/#primaryimage\"},\"thumbnailUrl\":\"https:\/\/www.modamob.com.tr\/wp-content\/uploads\/2022\/11\/vera-2-1.jpg\",\"datePublished\":\"2019-08-31T22:36:28+00:00\",\"author\":{\"@id\":\"https:\/\/www.modamob.com.tr\/#\/schema\/person\/0a46c4fbd763a58fc47acc3fabae7ef2\"},\"breadcrumb\":{\"@id\":\"https:\/\/www.modamob.com.tr\/akilli-mobilya-genc-odalari\/#breadcrumb\"},\"inLanguage\":\"fr-FR\",\"potentialAction\":[{\"@type\":\"ReadAction\",\"target\":[\"https:\/\/www.modamob.com.tr\/akilli-mobilya-genc-odalari\/\"]}]},{\"@type\":\"ImageObject\",\"inLanguage\":\"fr-FR\",\"@id\":\"https:\/\/www.modamob.com.tr\/akilli-mobilya-genc-odalari\/#primaryimage\",\"url\":\"https:\/\/www.modamob.com.tr\/wp-content\/uploads\/2022\/11\/vera-2-1.jpg\",\"contentUrl\":\"https:\/\/www.modamob.com.tr\/wp-content\/uploads\/2022\/11\/vera-2-1.jpg\",\"width\":350,\"height\":233},{\"@type\":\"BreadcrumbList\",\"@id\":\"https:\/\/www.modamob.com.tr\/akilli-mobilya-genc-odalari\/#breadcrumb\",\"itemListElement\":[{\"@type\":\"ListItem\",\"position\":1,\"name\":\"Anasayfa\",\"item\":\"https:\/\/www.modamob.com.tr\/\"},{\"@type\":\"ListItem\",\"position\":2,\"name\":\"Ak\u0131ll\u0131 Mobilya Gen\u00e7 Odalar\u0131\"}]},{\"@type\":\"WebSite\",\"@id\":\"https:\/\/www.modamob.com.tr\/#website\",\"url\":\"https:\/\/www.modamob.com.tr\/\",\"name\":\"Modamob Ak\u0131ll\u0131 Mobilya\",\"description\":\"Yeni Nesil Hareketli Mobilyalar\",\"potentialAction\":[{\"@type\":\"SearchAction\",\"target\":{\"@type\":\"EntryPoint\",\"urlTemplate\":\"https:\/\/www.modamob.com.tr\/?s={search_term_string}\"},\"query-input\":{\"@type\":\"PropertyValueSpecification\",\"valueRequired\":true,\"valueName\":\"search_term_string\"}}],\"inLanguage\":\"fr-FR\"},{\"@type\":\"Person\",\"@id\":\"https:\/\/www.modamob.com.tr\/#\/schema\/person\/0a46c4fbd763a58fc47acc3fabae7ef2\",\"name\":\"admin\",\"image\":{\"@type\":\"ImageObject\",\"inLanguage\":\"fr-FR\",\"@id\":\"https:\/\/www.modamob.com.tr\/#\/schema\/person\/image\/\",\"url\":\"https:\/\/www.modamob.com.tr\/wp-content\/litespeed\/avatar\/6fc8a5282992d7978a1073f45f67505e.jpg?ver=1777116242\",\"contentUrl\":\"https:\/\/www.modamob.com.tr\/wp-content\/litespeed\/avatar\/6fc8a5282992d7978a1073f45f67505e.jpg?ver=1777116242\",\"caption\":\"admin\"},\"url\":\"https:\/\/www.modamob.com.tr\/fr\/author\/alican532\/\"}]}<\/script>\n<!-- \/ Yoast SEO plugin. -->","yoast_head_json":{"title":"Mobilier Intelligent Chambres Jeunes - Modamob Mobilier Intelligent","robots":{"index":"index","follow":"follow","max-snippet":"max-snippet:-1","max-image-preview":"max-image-preview:large","max-video-preview":"max-video-preview:-1"},"canonical":"https:\/\/www.modamob.com.tr\/fr\/meubles-intelligents-pour-jeunes-chambres\/","og_locale":"fr_FR","og_type":"article","og_title":"Ak\u0131ll\u0131 Mobilya Gen\u00e7 Odalar\u0131 - Modamob Ak\u0131ll\u0131 Mobilya","og_description":"Ak\u0131ll\u0131 mobilya sistemleri gen\u00e7 odalar\u0131 i\u00e7in de ideal \u00e7\u00f6z\u00fcmler sunuyor. Gen\u00e7lerin arad\u0131\u011f\u0131 tarzda \u00f6zg\u00fcn tasar\u0131ml\u0131 ve pratik ak\u0131ll\u0131 mobilyalarla gen\u00e7 odalar\u0131 art\u0131k \u00e7ok daha ferah ve kullan\u0131\u015fl\u0131 bir hale d\u00f6n\u00fc\u015f\u00fcyor. &nbsp; Gen\u00e7lerin rahat bi\u00e7imde ders \u00e7al\u0131\u015fmalar\u0131 ve dinlenebilmeleri i\u00e7in tasar\u0131mlanan ak\u0131ll\u0131 mobilya gen\u00e7 odalar\u0131 dikey ve yatay yatak mekanizmalar\u0131yla pratik \u00e7\u00f6z\u00fcmler sunmalar\u0131yla biliniyor. Peki, sistem [&hellip;]","og_url":"https:\/\/www.modamob.com.tr\/fr\/meubles-intelligents-pour-jeunes-chambres\/","og_site_name":"Modamob Ak\u0131ll\u0131 Mobilya","article_published_time":"2019-08-31T22:36:28+00:00","og_image":[{"width":350,"height":233,"url":"https:\/\/www.modamob.com.tr\/wp-content\/uploads\/2022\/11\/vera-2-1.jpg","type":"image\/jpeg"}],"author":"admin","twitter_card":"summary_large_image","twitter_misc":{"\u00c9crit par":"admin"},"schema":{"@context":"https:\/\/schema.org","@graph":[{"@type":"Article","@id":"https:\/\/www.modamob.com.tr\/akilli-mobilya-genc-odalari\/#article","isPartOf":{"@id":"https:\/\/www.modamob.com.tr\/akilli-mobilya-genc-odalari\/"},"author":{"name":"admin","@id":"https:\/\/www.modamob.com.tr\/#\/schema\/person\/0a46c4fbd763a58fc47acc3fabae7ef2"},"headline":"Ak\u0131ll\u0131 Mobilya Gen\u00e7 Odalar\u0131","datePublished":"2019-08-31T22:36:28+00:00","mainEntityOfPage":{"@id":"https:\/\/www.modamob.com.tr\/akilli-mobilya-genc-odalari\/"},"wordCount":445,"commentCount":0,"image":{"@id":"https:\/\/www.modamob.com.tr\/akilli-mobilya-genc-odalari\/#primaryimage"},"thumbnailUrl":"https:\/\/www.modamob.com.tr\/wp-content\/uploads\/2022\/11\/vera-2-1.jpg","keywords":["Gen\u00e7 Odalar\u0131"],"articleSection":["Blog"],"inLanguage":"fr-FR","potentialAction":[{"@type":"CommentAction","name":"Comment","target":["https:\/\/www.modamob.com.tr\/akilli-mobilya-genc-odalari\/#respond"]}]},{"@type":"WebPage","@id":"https:\/\/www.modamob.com.tr\/akilli-mobilya-genc-odalari\/","url":"https:\/\/www.modamob.com.tr\/akilli-mobilya-genc-odalari\/","name":"Mobilier Intelligent Chambres Jeunes - Modamob Mobilier Intelligent","isPartOf":{"@id":"https:\/\/www.modamob.com.tr\/#website"},"primaryImageOfPage":{"@id":"https:\/\/www.modamob.com.tr\/akilli-mobilya-genc-odalari\/#primaryimage"},"image":{"@id":"https:\/\/www.modamob.com.tr\/akilli-mobilya-genc-odalari\/#primaryimage"},"thumbnailUrl":"https:\/\/www.modamob.com.tr\/wp-content\/uploads\/2022\/11\/vera-2-1.jpg","datePublished":"2019-08-31T22:36:28+00:00","author":{"@id":"https:\/\/www.modamob.com.tr\/#\/schema\/person\/0a46c4fbd763a58fc47acc3fabae7ef2"},"breadcrumb":{"@id":"https:\/\/www.modamob.com.tr\/akilli-mobilya-genc-odalari\/#breadcrumb"},"inLanguage":"fr-FR","potentialAction":[{"@type":"ReadAction","target":["https:\/\/www.modamob.com.tr\/akilli-mobilya-genc-odalari\/"]}]},{"@type":"ImageObject","inLanguage":"fr-FR","@id":"https:\/\/www.modamob.com.tr\/akilli-mobilya-genc-odalari\/#primaryimage","url":"https:\/\/www.modamob.com.tr\/wp-content\/uploads\/2022\/11\/vera-2-1.jpg","contentUrl":"https:\/\/www.modamob.com.tr\/wp-content\/uploads\/2022\/11\/vera-2-1.jpg","width":350,"height":233},{"@type":"BreadcrumbList","@id":"https:\/\/www.modamob.com.tr\/akilli-mobilya-genc-odalari\/#breadcrumb","itemListElement":[{"@type":"ListItem","position":1,"name":"Anasayfa","item":"https:\/\/www.modamob.com.tr\/"},{"@type":"ListItem","position":2,"name":"Ak\u0131ll\u0131 Mobilya Gen\u00e7 Odalar\u0131"}]},{"@type":"WebSite","@id":"https:\/\/www.modamob.com.tr\/#website","url":"https:\/\/www.modamob.com.tr\/","name":"Meubles intelligents Modamob","description":"Mobilier mobile nouvelle g\u00e9n\u00e9ration","potentialAction":[{"@type":"SearchAction","target":{"@type":"EntryPoint","urlTemplate":"https:\/\/www.modamob.com.tr\/?s={search_term_string}"},"query-input":{"@type":"PropertyValueSpecification","valueRequired":true,"valueName":"search_term_string"}}],"inLanguage":"fr-FR"},{"@type":"Person","@id":"https:\/\/www.modamob.com.tr\/#\/schema\/person\/0a46c4fbd763a58fc47acc3fabae7ef2","name":"administrateur","image":{"@type":"ImageObject","inLanguage":"fr-FR","@id":"https:\/\/www.modamob.com.tr\/#\/schema\/person\/image\/","url":"https:\/\/www.modamob.com.tr\/wp-content\/litespeed\/avatar\/6fc8a5282992d7978a1073f45f67505e.jpg?ver=1777116242","contentUrl":"https:\/\/www.modamob.com.tr\/wp-content\/litespeed\/avatar\/6fc8a5282992d7978a1073f45f67505e.jpg?ver=1777116242","caption":"admin"},"url":"https:\/\/www.modamob.com.tr\/fr\/author\/alican532\/"}]}},"_links":{"self":[{"href":"https:\/\/www.modamob.com.tr\/fr\/wp-json\/wp\/v2\/posts\/11547","targetHints":{"allow":["GET"]}}],"collection":[{"href":"https:\/\/www.modamob.com.tr\/fr\/wp-json\/wp\/v2\/posts"}],"about":[{"href":"https:\/\/www.modamob.com.tr\/fr\/wp-json\/wp\/v2\/types\/post"}],"author":[{"embeddable":true,"href":"https:\/\/www.modamob.com.tr\/fr\/wp-json\/wp\/v2\/users\/1"}],"replies":[{"embeddable":true,"href":"https:\/\/www.modamob.com.tr\/fr\/wp-json\/wp\/v2\/comments?post=11547"}],"version-history":[{"count":0,"href":"https:\/\/www.modamob.com.tr\/fr\/wp-json\/wp\/v2\/posts\/11547\/revisions"}],"wp:featuredmedia":[{"embeddable":true,"href":"https:\/\/www.modamob.com.tr\/fr\/wp-json\/wp\/v2\/media\/11548"}],"wp:attachment":[{"href":"https:\/\/www.modamob.com.tr\/fr\/wp-json\/wp\/v2\/media?parent=11547"}],"wp:term":[{"taxonomy":"category","embeddable":true,"href":"https:\/\/www.modamob.com.tr\/fr\/wp-json\/wp\/v2\/categories?post=11547"},{"taxonomy":"post_tag","embeddable":true,"href":"https:\/\/www.modamob.com.tr\/fr\/wp-json\/wp\/v2\/tags?post=11547"}],"curies":[{"name":"wp","href":"https:\/\/api.w.org\/{rel}","templated":true}]}}