{"id":11547,"date":"2019-08-31T22:36:28","date_gmt":"2019-08-31T22:36:28","guid":{"rendered":"https:\/\/modamob2.myco.site\/2019\/08\/31\/akilli-mobilya-genc-odalari\/"},"modified":"2019-08-31T22:36:28","modified_gmt":"2019-08-31T22:36:28","slug":"smart-furniture-youth-rooms","status":"publish","type":"post","link":"https:\/\/www.modamob.com.tr\/en\/smart-furniture-youth-rooms\/","title":{"rendered":"Smart Furniture Young Rooms"},"content":{"rendered":"<p>Smart furniture systems also offer ideal solutions for young people&#039;s rooms. Teen rooms are now becoming much more spacious and useful with original designed and practical smart furniture in the style that young people are looking for.<\/p>\n<p>&nbsp;<\/p>\n<p>Designed to enable young people to study and rest comfortably, smart furniture youth rooms are known for offering practical solutions with vertical and horizontal bed mechanisms. So, what functional solutions are included in the system?<\/p>\n<p>&nbsp;<\/p>\n<h2>What are the Functions of Smart Furniture Youth Rooms?<\/h2>\n<p>&nbsp;<\/p>\n<p>The products in the smart furniture youth rooms category are basically designed with both a bed and other needed furniture. It is possible to create a complete teenager&#039;s room on a wall of approximately 2 meters.<\/p>\n<p>&nbsp;<\/p>\n<p>With a single bed system;<\/p>\n<p>&nbsp;<\/p>\n<p>Wardrobe with drawers and storage<\/p>\n<p>Desk<\/p>\n<p>Bookcase<\/p>\n<p>&nbsp;<\/p>\n<p>It can offer all the listed functions together.<\/p>\n<p>&nbsp;<\/p>\n<h3>Wardrobe with drawers and storage<\/h3>\n<p>&nbsp;<\/p>\n<p>The biggest problem, especially if you have narrow spaces; After placing the bed, the remaining space is to find space for furniture such as wardrobes and drawers. However, you will also have a sliding wardrobe and drawer storage and clothes hanging space designed to be used with pleasure in smart furniture youth rooms.<\/p>\n<p>&nbsp;<\/p>\n<h3>Desk<\/h3>\n<p>&nbsp;<\/p>\n<p>The desk, included in the smart furniture system, offers young people a comfortable place to study, read books and do free time activities. The section where the table system is located also contains the sliding wardrobe system. Thus, it does not take up much space and offers multiple functions.<\/p>\n<p>&nbsp;<\/p>\n<h3>Bookcase<\/h3>\n<p>&nbsp;<\/p>\n<p>The bookshelf section, which functions as a desk, consists of 2 shelves. The area where books, notes and stylish ornaments can be placed also provides a visually aesthetic appearance.<\/p>\n<p>&nbsp;<\/p>\n<h3>Single bed<\/h3>\n<p>&nbsp;<\/p>\n<p>The bed mechanism opens vertically and has a folding hidden wall system. It offers more storage space with its stylish headboard and 2-door over-bed storage cabinet. When the bed system is closed, there is more free space in the room.<\/p>\n<p>&nbsp;<\/p>\n<p>With the Modamob brand, which pioneers Turkey in smart furniture systems, your spaces get both more stylish and more functional solutions. To get more information about smart furniture youth rooms, you can contact our expert smart furniture consultants now.<\/p>","protected":false},"excerpt":{"rendered":"<p>Ak\u0131ll\u0131 mobilya sistemleri gen\u00e7 odalar\u0131 i\u00e7in de ideal \u00e7\u00f6z\u00fcmler sunuyor. Gen\u00e7lerin arad\u0131\u011f\u0131 tarzda \u00f6zg\u00fcn tasar\u0131ml\u0131 ve pratik ak\u0131ll\u0131 mobilyalarla gen\u00e7 odalar\u0131 art\u0131k \u00e7ok daha ferah ve kullan\u0131\u015fl\u0131 bir hale d\u00f6n\u00fc\u015f\u00fcyor. &nbsp; Gen\u00e7lerin rahat bi\u00e7imde ders \u00e7al\u0131\u015fmalar\u0131 ve dinlenebilmeleri i\u00e7in tasar\u0131mlanan ak\u0131ll\u0131 mobilya gen\u00e7 odalar\u0131 dikey ve yatay yatak mekanizmalar\u0131yla pratik \u00e7\u00f6z\u00fcmler sunmalar\u0131yla biliniyor. Peki, sistem [&hellip;]<\/p>","protected":false},"author":1,"featured_media":11548,"comment_status":"open","ping_status":"closed","sticky":false,"template":"","format":"standard","meta":{"footnotes":""},"categories":[181],"tags":[194],"class_list":["post-11547","post","type-post","status-publish","format-standard","has-post-thumbnail","hentry","category-blog","tag-genc-odalari"],"yoast_head":"<!-- This site is optimized with the Yoast SEO plugin v26.8 - https:\/\/yoast.com\/product\/yoast-seo-wordpress\/ -->\n<title>Ak\u0131ll\u0131 Mobilya Gen\u00e7 Odalar\u0131 - Modamob Ak\u0131ll\u0131 Mobilya<\/title>\n<meta name=\"robots\" content=\"index, follow, max-snippet:-1, max-image-preview:large, max-video-preview:-1\" \/>\n<link rel=\"canonical\" href=\"https:\/\/www.modamob.com.tr\/en\/smart-furniture-youth-rooms\/\" \/>\n<meta property=\"og:locale\" content=\"en_US\" \/>\n<meta property=\"og:type\" content=\"article\" \/>\n<meta property=\"og:title\" content=\"Ak\u0131ll\u0131 Mobilya Gen\u00e7 Odalar\u0131 - Modamob Ak\u0131ll\u0131 Mobilya\" \/>\n<meta property=\"og:description\" content=\"Ak\u0131ll\u0131 mobilya sistemleri gen\u00e7 odalar\u0131 i\u00e7in de ideal \u00e7\u00f6z\u00fcmler sunuyor. Gen\u00e7lerin arad\u0131\u011f\u0131 tarzda \u00f6zg\u00fcn tasar\u0131ml\u0131 ve pratik ak\u0131ll\u0131 mobilyalarla gen\u00e7 odalar\u0131 art\u0131k \u00e7ok daha ferah ve kullan\u0131\u015fl\u0131 bir hale d\u00f6n\u00fc\u015f\u00fcyor. &nbsp; Gen\u00e7lerin rahat bi\u00e7imde ders \u00e7al\u0131\u015fmalar\u0131 ve dinlenebilmeleri i\u00e7in tasar\u0131mlanan ak\u0131ll\u0131 mobilya gen\u00e7 odalar\u0131 dikey ve yatay yatak mekanizmalar\u0131yla pratik \u00e7\u00f6z\u00fcmler sunmalar\u0131yla biliniyor. Peki, sistem [&hellip;]\" \/>\n<meta property=\"og:url\" content=\"https:\/\/www.modamob.com.tr\/en\/smart-furniture-youth-rooms\/\" \/>\n<meta property=\"og:site_name\" content=\"Modamob Ak\u0131ll\u0131 Mobilya\" \/>\n<meta property=\"article:published_time\" content=\"2019-08-31T22:36:28+00:00\" \/>\n<meta property=\"og:image\" content=\"https:\/\/www.modamob.com.tr\/wp-content\/uploads\/2022\/11\/vera-2-1.jpg\" \/>\n\t<meta property=\"og:image:width\" content=\"350\" \/>\n\t<meta property=\"og:image:height\" content=\"233\" \/>\n\t<meta property=\"og:image:type\" content=\"image\/jpeg\" \/>\n<meta name=\"author\" content=\"admin\" \/>\n<meta name=\"twitter:card\" content=\"summary_large_image\" \/>\n<meta name=\"twitter:label1\" content=\"Written by\" \/>\n\t<meta name=\"twitter:data1\" content=\"admin\" \/>\n<script type=\"application\/ld+json\" class=\"yoast-schema-graph\">{\"@context\":\"https:\/\/schema.org\",\"@graph\":[{\"@type\":\"Article\",\"@id\":\"https:\/\/www.modamob.com.tr\/akilli-mobilya-genc-odalari\/#article\",\"isPartOf\":{\"@id\":\"https:\/\/www.modamob.com.tr\/akilli-mobilya-genc-odalari\/\"},\"author\":{\"name\":\"admin\",\"@id\":\"https:\/\/www.modamob.com.tr\/#\/schema\/person\/0a46c4fbd763a58fc47acc3fabae7ef2\"},\"headline\":\"Ak\u0131ll\u0131 Mobilya Gen\u00e7 Odalar\u0131\",\"datePublished\":\"2019-08-31T22:36:28+00:00\",\"mainEntityOfPage\":{\"@id\":\"https:\/\/www.modamob.com.tr\/akilli-mobilya-genc-odalari\/\"},\"wordCount\":445,\"commentCount\":0,\"image\":{\"@id\":\"https:\/\/www.modamob.com.tr\/akilli-mobilya-genc-odalari\/#primaryimage\"},\"thumbnailUrl\":\"https:\/\/www.modamob.com.tr\/wp-content\/uploads\/2022\/11\/vera-2-1.jpg\",\"keywords\":[\"Gen\u00e7 Odalar\u0131\"],\"articleSection\":[\"Blog\"],\"inLanguage\":\"en-US\",\"potentialAction\":[{\"@type\":\"CommentAction\",\"name\":\"Comment\",\"target\":[\"https:\/\/www.modamob.com.tr\/akilli-mobilya-genc-odalari\/#respond\"]}]},{\"@type\":\"WebPage\",\"@id\":\"https:\/\/www.modamob.com.tr\/akilli-mobilya-genc-odalari\/\",\"url\":\"https:\/\/www.modamob.com.tr\/akilli-mobilya-genc-odalari\/\",\"name\":\"Ak\u0131ll\u0131 Mobilya Gen\u00e7 Odalar\u0131 - Modamob Ak\u0131ll\u0131 Mobilya\",\"isPartOf\":{\"@id\":\"https:\/\/www.modamob.com.tr\/#website\"},\"primaryImageOfPage\":{\"@id\":\"https:\/\/www.modamob.com.tr\/akilli-mobilya-genc-odalari\/#primaryimage\"},\"image\":{\"@id\":\"https:\/\/www.modamob.com.tr\/akilli-mobilya-genc-odalari\/#primaryimage\"},\"thumbnailUrl\":\"https:\/\/www.modamob.com.tr\/wp-content\/uploads\/2022\/11\/vera-2-1.jpg\",\"datePublished\":\"2019-08-31T22:36:28+00:00\",\"author\":{\"@id\":\"https:\/\/www.modamob.com.tr\/#\/schema\/person\/0a46c4fbd763a58fc47acc3fabae7ef2\"},\"breadcrumb\":{\"@id\":\"https:\/\/www.modamob.com.tr\/akilli-mobilya-genc-odalari\/#breadcrumb\"},\"inLanguage\":\"en-US\",\"potentialAction\":[{\"@type\":\"ReadAction\",\"target\":[\"https:\/\/www.modamob.com.tr\/akilli-mobilya-genc-odalari\/\"]}]},{\"@type\":\"ImageObject\",\"inLanguage\":\"en-US\",\"@id\":\"https:\/\/www.modamob.com.tr\/akilli-mobilya-genc-odalari\/#primaryimage\",\"url\":\"https:\/\/www.modamob.com.tr\/wp-content\/uploads\/2022\/11\/vera-2-1.jpg\",\"contentUrl\":\"https:\/\/www.modamob.com.tr\/wp-content\/uploads\/2022\/11\/vera-2-1.jpg\",\"width\":350,\"height\":233},{\"@type\":\"BreadcrumbList\",\"@id\":\"https:\/\/www.modamob.com.tr\/akilli-mobilya-genc-odalari\/#breadcrumb\",\"itemListElement\":[{\"@type\":\"ListItem\",\"position\":1,\"name\":\"Anasayfa\",\"item\":\"https:\/\/www.modamob.com.tr\/\"},{\"@type\":\"ListItem\",\"position\":2,\"name\":\"Ak\u0131ll\u0131 Mobilya Gen\u00e7 Odalar\u0131\"}]},{\"@type\":\"WebSite\",\"@id\":\"https:\/\/www.modamob.com.tr\/#website\",\"url\":\"https:\/\/www.modamob.com.tr\/\",\"name\":\"Modamob Ak\u0131ll\u0131 Mobilya\",\"description\":\"Yeni Nesil Hareketli Mobilyalar\",\"potentialAction\":[{\"@type\":\"SearchAction\",\"target\":{\"@type\":\"EntryPoint\",\"urlTemplate\":\"https:\/\/www.modamob.com.tr\/?s={search_term_string}\"},\"query-input\":{\"@type\":\"PropertyValueSpecification\",\"valueRequired\":true,\"valueName\":\"search_term_string\"}}],\"inLanguage\":\"en-US\"},{\"@type\":\"Person\",\"@id\":\"https:\/\/www.modamob.com.tr\/#\/schema\/person\/0a46c4fbd763a58fc47acc3fabae7ef2\",\"name\":\"admin\",\"image\":{\"@type\":\"ImageObject\",\"inLanguage\":\"en-US\",\"@id\":\"https:\/\/www.modamob.com.tr\/#\/schema\/person\/image\/\",\"url\":\"https:\/\/www.modamob.com.tr\/wp-content\/litespeed\/avatar\/6fc8a5282992d7978a1073f45f67505e.jpg?ver=1777116242\",\"contentUrl\":\"https:\/\/www.modamob.com.tr\/wp-content\/litespeed\/avatar\/6fc8a5282992d7978a1073f45f67505e.jpg?ver=1777116242\",\"caption\":\"admin\"},\"url\":\"https:\/\/www.modamob.com.tr\/en\/author\/alican532\/\"}]}<\/script>\n<!-- \/ Yoast SEO plugin. -->","yoast_head_json":{"title":"Smart Furniture Youth Rooms - Modamob Smart Furniture","robots":{"index":"index","follow":"follow","max-snippet":"max-snippet:-1","max-image-preview":"max-image-preview:large","max-video-preview":"max-video-preview:-1"},"canonical":"https:\/\/www.modamob.com.tr\/en\/smart-furniture-youth-rooms\/","og_locale":"en_US","og_type":"article","og_title":"Ak\u0131ll\u0131 Mobilya Gen\u00e7 Odalar\u0131 - Modamob Ak\u0131ll\u0131 Mobilya","og_description":"Ak\u0131ll\u0131 mobilya sistemleri gen\u00e7 odalar\u0131 i\u00e7in de ideal \u00e7\u00f6z\u00fcmler sunuyor. Gen\u00e7lerin arad\u0131\u011f\u0131 tarzda \u00f6zg\u00fcn tasar\u0131ml\u0131 ve pratik ak\u0131ll\u0131 mobilyalarla gen\u00e7 odalar\u0131 art\u0131k \u00e7ok daha ferah ve kullan\u0131\u015fl\u0131 bir hale d\u00f6n\u00fc\u015f\u00fcyor. &nbsp; Gen\u00e7lerin rahat bi\u00e7imde ders \u00e7al\u0131\u015fmalar\u0131 ve dinlenebilmeleri i\u00e7in tasar\u0131mlanan ak\u0131ll\u0131 mobilya gen\u00e7 odalar\u0131 dikey ve yatay yatak mekanizmalar\u0131yla pratik \u00e7\u00f6z\u00fcmler sunmalar\u0131yla biliniyor. Peki, sistem [&hellip;]","og_url":"https:\/\/www.modamob.com.tr\/en\/smart-furniture-youth-rooms\/","og_site_name":"Modamob Ak\u0131ll\u0131 Mobilya","article_published_time":"2019-08-31T22:36:28+00:00","og_image":[{"width":350,"height":233,"url":"https:\/\/www.modamob.com.tr\/wp-content\/uploads\/2022\/11\/vera-2-1.jpg","type":"image\/jpeg"}],"author":"admin","twitter_card":"summary_large_image","twitter_misc":{"Written by":"admin"},"schema":{"@context":"https:\/\/schema.org","@graph":[{"@type":"Article","@id":"https:\/\/www.modamob.com.tr\/akilli-mobilya-genc-odalari\/#article","isPartOf":{"@id":"https:\/\/www.modamob.com.tr\/akilli-mobilya-genc-odalari\/"},"author":{"name":"admin","@id":"https:\/\/www.modamob.com.tr\/#\/schema\/person\/0a46c4fbd763a58fc47acc3fabae7ef2"},"headline":"Ak\u0131ll\u0131 Mobilya Gen\u00e7 Odalar\u0131","datePublished":"2019-08-31T22:36:28+00:00","mainEntityOfPage":{"@id":"https:\/\/www.modamob.com.tr\/akilli-mobilya-genc-odalari\/"},"wordCount":445,"commentCount":0,"image":{"@id":"https:\/\/www.modamob.com.tr\/akilli-mobilya-genc-odalari\/#primaryimage"},"thumbnailUrl":"https:\/\/www.modamob.com.tr\/wp-content\/uploads\/2022\/11\/vera-2-1.jpg","keywords":["Gen\u00e7 Odalar\u0131"],"articleSection":["Blog"],"inLanguage":"en-US","potentialAction":[{"@type":"CommentAction","name":"Comment","target":["https:\/\/www.modamob.com.tr\/akilli-mobilya-genc-odalari\/#respond"]}]},{"@type":"WebPage","@id":"https:\/\/www.modamob.com.tr\/akilli-mobilya-genc-odalari\/","url":"https:\/\/www.modamob.com.tr\/akilli-mobilya-genc-odalari\/","name":"Smart Furniture Youth Rooms - Modamob Smart Furniture","isPartOf":{"@id":"https:\/\/www.modamob.com.tr\/#website"},"primaryImageOfPage":{"@id":"https:\/\/www.modamob.com.tr\/akilli-mobilya-genc-odalari\/#primaryimage"},"image":{"@id":"https:\/\/www.modamob.com.tr\/akilli-mobilya-genc-odalari\/#primaryimage"},"thumbnailUrl":"https:\/\/www.modamob.com.tr\/wp-content\/uploads\/2022\/11\/vera-2-1.jpg","datePublished":"2019-08-31T22:36:28+00:00","author":{"@id":"https:\/\/www.modamob.com.tr\/#\/schema\/person\/0a46c4fbd763a58fc47acc3fabae7ef2"},"breadcrumb":{"@id":"https:\/\/www.modamob.com.tr\/akilli-mobilya-genc-odalari\/#breadcrumb"},"inLanguage":"en-US","potentialAction":[{"@type":"ReadAction","target":["https:\/\/www.modamob.com.tr\/akilli-mobilya-genc-odalari\/"]}]},{"@type":"ImageObject","inLanguage":"en-US","@id":"https:\/\/www.modamob.com.tr\/akilli-mobilya-genc-odalari\/#primaryimage","url":"https:\/\/www.modamob.com.tr\/wp-content\/uploads\/2022\/11\/vera-2-1.jpg","contentUrl":"https:\/\/www.modamob.com.tr\/wp-content\/uploads\/2022\/11\/vera-2-1.jpg","width":350,"height":233},{"@type":"BreadcrumbList","@id":"https:\/\/www.modamob.com.tr\/akilli-mobilya-genc-odalari\/#breadcrumb","itemListElement":[{"@type":"ListItem","position":1,"name":"Anasayfa","item":"https:\/\/www.modamob.com.tr\/"},{"@type":"ListItem","position":2,"name":"Ak\u0131ll\u0131 Mobilya Gen\u00e7 Odalar\u0131"}]},{"@type":"WebSite","@id":"https:\/\/www.modamob.com.tr\/#website","url":"https:\/\/www.modamob.com.tr\/","name":"Modamob Smart Furniture","description":"New Generation Movable Furniture","potentialAction":[{"@type":"SearchAction","target":{"@type":"EntryPoint","urlTemplate":"https:\/\/www.modamob.com.tr\/?s={search_term_string}"},"query-input":{"@type":"PropertyValueSpecification","valueRequired":true,"valueName":"search_term_string"}}],"inLanguage":"en-US"},{"@type":"Person","@id":"https:\/\/www.modamob.com.tr\/#\/schema\/person\/0a46c4fbd763a58fc47acc3fabae7ef2","name":"admin","image":{"@type":"ImageObject","inLanguage":"en-US","@id":"https:\/\/www.modamob.com.tr\/#\/schema\/person\/image\/","url":"https:\/\/www.modamob.com.tr\/wp-content\/litespeed\/avatar\/6fc8a5282992d7978a1073f45f67505e.jpg?ver=1777116242","contentUrl":"https:\/\/www.modamob.com.tr\/wp-content\/litespeed\/avatar\/6fc8a5282992d7978a1073f45f67505e.jpg?ver=1777116242","caption":"admin"},"url":"https:\/\/www.modamob.com.tr\/en\/author\/alican532\/"}]}},"_links":{"self":[{"href":"https:\/\/www.modamob.com.tr\/en\/wp-json\/wp\/v2\/posts\/11547","targetHints":{"allow":["GET"]}}],"collection":[{"href":"https:\/\/www.modamob.com.tr\/en\/wp-json\/wp\/v2\/posts"}],"about":[{"href":"https:\/\/www.modamob.com.tr\/en\/wp-json\/wp\/v2\/types\/post"}],"author":[{"embeddable":true,"href":"https:\/\/www.modamob.com.tr\/en\/wp-json\/wp\/v2\/users\/1"}],"replies":[{"embeddable":true,"href":"https:\/\/www.modamob.com.tr\/en\/wp-json\/wp\/v2\/comments?post=11547"}],"version-history":[{"count":0,"href":"https:\/\/www.modamob.com.tr\/en\/wp-json\/wp\/v2\/posts\/11547\/revisions"}],"wp:featuredmedia":[{"embeddable":true,"href":"https:\/\/www.modamob.com.tr\/en\/wp-json\/wp\/v2\/media\/11548"}],"wp:attachment":[{"href":"https:\/\/www.modamob.com.tr\/en\/wp-json\/wp\/v2\/media?parent=11547"}],"wp:term":[{"taxonomy":"category","embeddable":true,"href":"https:\/\/www.modamob.com.tr\/en\/wp-json\/wp\/v2\/categories?post=11547"},{"taxonomy":"post_tag","embeddable":true,"href":"https:\/\/www.modamob.com.tr\/en\/wp-json\/wp\/v2\/tags?post=11547"}],"curies":[{"name":"wp","href":"https:\/\/api.w.org\/{rel}","templated":true}]}}