{"id":16359,"date":"2024-05-24T18:10:58","date_gmt":"2024-05-24T15:10:58","guid":{"rendered":"https:\/\/www.modamob.com.tr\/?p=16359"},"modified":"2024-05-24T18:10:59","modified_gmt":"2024-05-24T15:10:59","slug":"raumkuhlungsmethoden-fur-die-sommermonate","status":"publish","type":"post","link":"https:\/\/www.modamob.com.tr\/de\/raumkuhlungsmethoden-fur-die-sommermonate\/","title":{"rendered":"Raumk\u00fchlungsmethoden f\u00fcr die Sommermonate"},"content":{"rendered":"<p>Man muss sich dar\u00fcber im Klaren sein, dass Komfort genauso wichtig ist wie die Dekoration eines Ortes. F\u00fcr einen gesunden Aufenthalt an diesem Ort ist es von gro\u00dfer Bedeutung, dass die Temperatur dort den richtigen Standards entspricht. Durch die richtige Auswahl und Anwendung von K\u00fchlprodukten oder -methoden ist es m\u00f6glich, die sengende Hitze des Sommers zu kontrollieren und k\u00fchle und luftige R\u00e4ume zu schaffen.<\/p>\n\n\n\n<h1 class=\"wp-block-heading\">Nat\u00fcrliche L\u00f6sungen<\/h1>\n\n\n\n<p>Bei einigen Designentscheidungen f\u00fcr nat\u00fcrliche K\u00fchle zu sorgen, anstatt irgendein K\u00fchlprodukt zu verwenden, ist eine der Methoden, die sowohl im Hinblick auf das Wirtschafts- als auch auf das Umweltbewusstsein angewendet werden sollten. Es darf nicht vergessen werden, dass es im Vergleich zu anderen Optionen definitiv gesundheitsf\u00f6rdernder ist. W\u00e4hrend Sie Ihren Raum mit passiven K\u00fchltechniken und fachkundiger Unterst\u00fctzung k\u00fchlen k\u00f6nnen, ist es nicht schwierig, mit einigen einfachen Designentscheidungen und -methoden die gew\u00fcnschte K\u00fchle zu erreichen.<\/p>\n\n\n\n<p>1 \u2013 Die Schaffung eines Luftkanals durch \u00d6ffnen von T\u00fcren\/Fenstern in verschiedene Richtungen ist die Methode, die wir alle kennen und vielleicht die am h\u00e4ufigsten verwendete Methode, um die Luftbewegung im Raum sicherzustellen.<\/p>\n\n\n\n<p>2 \u2013 Wenn Sie tags\u00fcber die Fenster mit dicken (Verdunklungs-)Vorh\u00e4ngen geschlossen halten, wird verhindert, dass Sonnenlicht eindringt und die Temperatur im Raum steigt.<\/p>\n\n\n\n<p>3 \u2013 Die Wahl der im Raum verwendeten Materialien aus Marmor, Keramik und Beton tr\u00e4gt dazu bei, k\u00fchlere Umgebungen zu schaffen, da diese Materialien keine W\u00e4rme speichern.<\/p>\n\n\n\n<p>4 \u2013 Nat\u00fcrliche Materialien wie Bambus, Leinen und Jute sind unverzichtbar, um der Hitze standzuhalten.<\/p>\n\n\n\n<p>5 \u2013 Das Platzieren gro\u00dfer Pflanzen vor Fenstern tr\u00e4gt neben der beeindruckenden Optik auch zur Schaffung eines k\u00fchlen Bereichs im Schatten der Pflanzen bei.<\/p>\n\n\n\n<p>6 &#8211; Pencerelere g\u00fcne\u015f yans\u0131tan film kullanmak ise farkl\u0131 bir opsiyon. G\u00fcne\u015f \u0131\u015f\u0131\u011f\u0131n\u0131 %80&#8217;e kadar filtreleyebilme \u00f6zelli\u011fi sayesinde i\u00e7 mekanda fazla \u0131s\u0131n\u0131n \u00f6n\u00fcne ge\u00e7ilebiliyor.<\/p>\n\n\n\n<h1 class=\"wp-block-heading\">Alternative L\u00f6sungen<\/h1>\n\n\n\n<p>K\u00fchlprodukte, die sich je nach Ausstattung unterscheiden und in vielen verschiedenen Ausf\u00fchrungen erh\u00e4ltlich sind, sind leicht verf\u00fcgbare Alternativen, um k\u00fchle Luft im Raum zu erzeugen. Sie k\u00f6nnen diese Produkte w\u00e4hlen, die bei kontrollierter und bewusster Anwendung wirksam sein k\u00f6nnen, mit Eigenschaften, die neben der Funktion auch zu Ihrer Dekoration beitragen und ein Mitspracherecht bei der Optik Ihres Raums haben.<\/p>\n\n\n\n<h2 class=\"wp-block-heading\">L\u00fcfter<\/h2>\n\n\n\n<p>Der Ventilator, der dank seines beweglichen Propellersystems ein Gef\u00fchl von K\u00fchle erzeugt, indem er die Luft bewegt, ist eine Maschine, die wir h\u00e4ufig bei hei\u00dfem Wetter antreffen und die in vielen verschiedenen Modellen und Optionen erh\u00e4ltlich ist. Obwohl es nicht die F\u00e4higkeit besitzt, kalte Luft zu erzeugen, erzeugt es auf nat\u00fcrliche Weise ein Gef\u00fchl der K\u00fchle, da es die F\u00e4higkeit besitzt, die Feuchtigkeit in unserem K\u00f6rper schnell zu verdunsten. Mit seinen festen und tragbaren Optionen kann es \u00fcberall dort eingesetzt werden, wo Sie m\u00f6chten.<\/p>\n\n\n\n<h3 class=\"wp-block-heading\">Deckenventilator<\/h3>\n\n\n\n<p>Der Deckenventilator, die Version des Ventilators, die an der Decke montiert wird und durch zus\u00e4tzliche Funktionen wie Beleuchtung erg\u00e4nzt wird, sorgt durch die Luftzirkulation, die er von oben in den Raum bringt, f\u00fcr eine gleichm\u00e4\u00dfige K\u00fchle. Bei der Auswahl eines Deckenventilators, der heute wieder an Beliebtheit gewinnt, sollte f\u00fcr ein gesundes Erlebnis nicht auf die Materialqualit\u00e4t und die Deckenh\u00f6he geachtet werden, an der er angebracht werden soll.<\/p>\n\n\n\n<h3 class=\"wp-block-heading\">Klimaanlage<\/h3>\n\n\n\n<p>Die Klimaanlage, das erste Produkt, das einem in den Sinn kommt, wenn es um die Klimatisierung geht, ist eine sehr umfassende Maschine, die die Luft k\u00fchlt, entfeuchtet, Staub und Partikel filtert und W\u00e4rme bereitstellt. Auch wenn man sie auf Distanz h\u00e4lt, weil sie negative Auswirkungen auf die Gesundheit haben kann, ist sie vielleicht die einfachste M\u00f6glichkeit, mit der Sommerhitze zurechtzukommen. Um von den Vorteilen einer Klimaanlage zu profitieren, ist es wichtig, auf einige Punkte zu achten, die dank fortschrittlicher Technologie Energie sparen und Wartungskosten senken k\u00f6nnen. Zu den zu ber\u00fccksichtigenden Punkten geh\u00f6rt es, die Temperatur der Klimaanlage 7-8 Grad niedriger als die Au\u00dfentemperatur einzustellen, den Luftstrom nicht direkt auf den K\u00f6rper zu richten und die Klimaanlage vor dem Schlafengehen auszuschalten.<\/p>","protected":false},"excerpt":{"rendered":"<p>Bir mekan i\u00e7in dekorasyon kadar konforun da \u00f6nemli oldu\u011funun bilincinde olmak gerekli. Mekan\u0131n \u0131s\u0131 d\u00fczeyinin do\u011fru standartlarda olmas\u0131, o mekanda ge\u00e7irilecek sa\u011fl\u0131kl\u0131 vakit i\u00e7in b\u00fcy\u00fck \u00f6nem ta\u015f\u0131yor.&nbsp;Yaz\u0131n kavurucu s\u0131caklar\u0131n\u0131 kontrol alt\u0131na al\u0131p, serin ve u\u00e7u\u015f u\u00e7u\u015f mekanlar yaratmak, so\u011futucu \u00fcr\u00fcnlerini veya y\u00f6ntemlerini do\u011fru belirleyip uygulamak ile m\u00fcmk\u00fcn. Do\u011fal \u00c7\u00f6z\u00fcmler Herhangi bir so\u011futma \u00fcr\u00fcn\u00fc kullanmak yerine [&hellip;]<\/p>","protected":false},"author":114,"featured_media":16360,"comment_status":"open","ping_status":"closed","sticky":false,"template":"","format":"standard","meta":{"footnotes":""},"categories":[1],"tags":[],"class_list":["post-16359","post","type-post","status-publish","format-standard","has-post-thumbnail","hentry","category-uncategorized"],"yoast_head":"<!-- This site is optimized with the Yoast SEO plugin v26.8 - https:\/\/yoast.com\/product\/yoast-seo-wordpress\/ -->\n<title>Yaz Aylar\u0131 \u0130\u00e7in Mekan Serinletme Y\u00f6ntemleri - Modamob Ak\u0131ll\u0131 Mobilya<\/title>\n<meta name=\"robots\" content=\"index, follow, max-snippet:-1, max-image-preview:large, max-video-preview:-1\" \/>\n<link rel=\"canonical\" href=\"https:\/\/www.modamob.com.tr\/de\/raumkuhlungsmethoden-fur-die-sommermonate\/\" \/>\n<meta property=\"og:locale\" content=\"de_DE\" \/>\n<meta property=\"og:type\" content=\"article\" \/>\n<meta property=\"og:title\" content=\"Yaz Aylar\u0131 \u0130\u00e7in Mekan Serinletme Y\u00f6ntemleri - Modamob Ak\u0131ll\u0131 Mobilya\" \/>\n<meta property=\"og:description\" content=\"Bir mekan i\u00e7in dekorasyon kadar konforun da \u00f6nemli oldu\u011funun bilincinde olmak gerekli. Mekan\u0131n \u0131s\u0131 d\u00fczeyinin do\u011fru standartlarda olmas\u0131, o mekanda ge\u00e7irilecek sa\u011fl\u0131kl\u0131 vakit i\u00e7in b\u00fcy\u00fck \u00f6nem ta\u015f\u0131yor.&nbsp;Yaz\u0131n kavurucu s\u0131caklar\u0131n\u0131 kontrol alt\u0131na al\u0131p, serin ve u\u00e7u\u015f u\u00e7u\u015f mekanlar yaratmak, so\u011futucu \u00fcr\u00fcnlerini veya y\u00f6ntemlerini do\u011fru belirleyip uygulamak ile m\u00fcmk\u00fcn. Do\u011fal \u00c7\u00f6z\u00fcmler Herhangi bir so\u011futma \u00fcr\u00fcn\u00fc kullanmak yerine [&hellip;]\" \/>\n<meta property=\"og:url\" content=\"https:\/\/www.modamob.com.tr\/de\/raumkuhlungsmethoden-fur-die-sommermonate\/\" \/>\n<meta property=\"og:site_name\" content=\"Modamob Ak\u0131ll\u0131 Mobilya\" \/>\n<meta property=\"article:published_time\" content=\"2024-05-24T15:10:58+00:00\" \/>\n<meta property=\"article:modified_time\" content=\"2024-05-24T15:10:59+00:00\" \/>\n<meta property=\"og:image\" content=\"https:\/\/www.modamob.com.tr\/wp-content\/uploads\/2024\/05\/Yaz-Aylari-Icin-Mekan-Serinletme-Yontemleri.webp\" \/>\n\t<meta property=\"og:image:width\" content=\"1280\" \/>\n\t<meta property=\"og:image:height\" content=\"960\" \/>\n\t<meta property=\"og:image:type\" content=\"image\/webp\" \/>\n<meta name=\"author\" content=\"Kayhan Akkaya\" \/>\n<meta name=\"twitter:card\" content=\"summary_large_image\" \/>\n<meta name=\"twitter:label1\" content=\"Verfasst von\" \/>\n\t<meta name=\"twitter:data1\" content=\"Kayhan Akkaya\" \/>\n\t<meta name=\"twitter:label2\" content=\"Gesch\u00e4tzte Lesezeit\" \/>\n\t<meta name=\"twitter:data2\" content=\"4\u00a0Minuten\" \/>\n<script type=\"application\/ld+json\" class=\"yoast-schema-graph\">{\"@context\":\"https:\/\/schema.org\",\"@graph\":[{\"@type\":\"Article\",\"@id\":\"https:\/\/www.modamob.com.tr\/yaz-aylari-icin-mekan-serinletme-yontemleri\/#article\",\"isPartOf\":{\"@id\":\"https:\/\/www.modamob.com.tr\/yaz-aylari-icin-mekan-serinletme-yontemleri\/\"},\"author\":{\"name\":\"Kayhan Akkaya\",\"@id\":\"https:\/\/www.modamob.com.tr\/#\/schema\/person\/3e18094eac4c75e15b86d3fad879f030\"},\"headline\":\"Yaz Aylar\u0131 \u0130\u00e7in Mekan Serinletme Y\u00f6ntemleri\",\"datePublished\":\"2024-05-24T15:10:58+00:00\",\"dateModified\":\"2024-05-24T15:10:59+00:00\",\"mainEntityOfPage\":{\"@id\":\"https:\/\/www.modamob.com.tr\/yaz-aylari-icin-mekan-serinletme-yontemleri\/\"},\"wordCount\":686,\"commentCount\":0,\"image\":{\"@id\":\"https:\/\/www.modamob.com.tr\/yaz-aylari-icin-mekan-serinletme-yontemleri\/#primaryimage\"},\"thumbnailUrl\":\"https:\/\/www.modamob.com.tr\/wp-content\/uploads\/2024\/05\/Yaz-Aylari-Icin-Mekan-Serinletme-Yontemleri.webp\",\"articleSection\":[\"Uncategorized\"],\"inLanguage\":\"de\",\"potentialAction\":[{\"@type\":\"CommentAction\",\"name\":\"Comment\",\"target\":[\"https:\/\/www.modamob.com.tr\/yaz-aylari-icin-mekan-serinletme-yontemleri\/#respond\"]}]},{\"@type\":\"WebPage\",\"@id\":\"https:\/\/www.modamob.com.tr\/yaz-aylari-icin-mekan-serinletme-yontemleri\/\",\"url\":\"https:\/\/www.modamob.com.tr\/yaz-aylari-icin-mekan-serinletme-yontemleri\/\",\"name\":\"Yaz Aylar\u0131 \u0130\u00e7in Mekan Serinletme Y\u00f6ntemleri - Modamob Ak\u0131ll\u0131 Mobilya\",\"isPartOf\":{\"@id\":\"https:\/\/www.modamob.com.tr\/#website\"},\"primaryImageOfPage\":{\"@id\":\"https:\/\/www.modamob.com.tr\/yaz-aylari-icin-mekan-serinletme-yontemleri\/#primaryimage\"},\"image\":{\"@id\":\"https:\/\/www.modamob.com.tr\/yaz-aylari-icin-mekan-serinletme-yontemleri\/#primaryimage\"},\"thumbnailUrl\":\"https:\/\/www.modamob.com.tr\/wp-content\/uploads\/2024\/05\/Yaz-Aylari-Icin-Mekan-Serinletme-Yontemleri.webp\",\"datePublished\":\"2024-05-24T15:10:58+00:00\",\"dateModified\":\"2024-05-24T15:10:59+00:00\",\"author\":{\"@id\":\"https:\/\/www.modamob.com.tr\/#\/schema\/person\/3e18094eac4c75e15b86d3fad879f030\"},\"breadcrumb\":{\"@id\":\"https:\/\/www.modamob.com.tr\/yaz-aylari-icin-mekan-serinletme-yontemleri\/#breadcrumb\"},\"inLanguage\":\"de\",\"potentialAction\":[{\"@type\":\"ReadAction\",\"target\":[\"https:\/\/www.modamob.com.tr\/yaz-aylari-icin-mekan-serinletme-yontemleri\/\"]}]},{\"@type\":\"ImageObject\",\"inLanguage\":\"de\",\"@id\":\"https:\/\/www.modamob.com.tr\/yaz-aylari-icin-mekan-serinletme-yontemleri\/#primaryimage\",\"url\":\"https:\/\/www.modamob.com.tr\/wp-content\/uploads\/2024\/05\/Yaz-Aylari-Icin-Mekan-Serinletme-Yontemleri.webp\",\"contentUrl\":\"https:\/\/www.modamob.com.tr\/wp-content\/uploads\/2024\/05\/Yaz-Aylari-Icin-Mekan-Serinletme-Yontemleri.webp\",\"width\":1280,\"height\":960},{\"@type\":\"BreadcrumbList\",\"@id\":\"https:\/\/www.modamob.com.tr\/yaz-aylari-icin-mekan-serinletme-yontemleri\/#breadcrumb\",\"itemListElement\":[{\"@type\":\"ListItem\",\"position\":1,\"name\":\"Anasayfa\",\"item\":\"https:\/\/www.modamob.com.tr\/\"},{\"@type\":\"ListItem\",\"position\":2,\"name\":\"Yaz Aylar\u0131 \u0130\u00e7in Mekan Serinletme Y\u00f6ntemleri\"}]},{\"@type\":\"WebSite\",\"@id\":\"https:\/\/www.modamob.com.tr\/#website\",\"url\":\"https:\/\/www.modamob.com.tr\/\",\"name\":\"Modamob Ak\u0131ll\u0131 Mobilya\",\"description\":\"Yeni Nesil Hareketli Mobilyalar\",\"potentialAction\":[{\"@type\":\"SearchAction\",\"target\":{\"@type\":\"EntryPoint\",\"urlTemplate\":\"https:\/\/www.modamob.com.tr\/?s={search_term_string}\"},\"query-input\":{\"@type\":\"PropertyValueSpecification\",\"valueRequired\":true,\"valueName\":\"search_term_string\"}}],\"inLanguage\":\"de\"},{\"@type\":\"Person\",\"@id\":\"https:\/\/www.modamob.com.tr\/#\/schema\/person\/3e18094eac4c75e15b86d3fad879f030\",\"name\":\"Kayhan Akkaya\",\"image\":{\"@type\":\"ImageObject\",\"inLanguage\":\"de\",\"@id\":\"https:\/\/www.modamob.com.tr\/#\/schema\/person\/image\/\",\"url\":\"https:\/\/www.modamob.com.tr\/wp-content\/litespeed\/avatar\/5dd3b2c2bca814e422309c656b3f4804.jpg?ver=1777118350\",\"contentUrl\":\"https:\/\/www.modamob.com.tr\/wp-content\/litespeed\/avatar\/5dd3b2c2bca814e422309c656b3f4804.jpg?ver=1777118350\",\"caption\":\"Kayhan Akkaya\"},\"sameAs\":[\"https:\/\/www.modamob.com.tr\/\"],\"url\":\"https:\/\/www.modamob.com.tr\/de\/author\/kayhan-akkaya\/\"}]}<\/script>\n<!-- \/ Yoast SEO plugin. -->","yoast_head_json":{"title":"Raumk\u00fchlungsmethoden f\u00fcr die Sommermonate \u2013 Modamob Smart Furniture","robots":{"index":"index","follow":"follow","max-snippet":"max-snippet:-1","max-image-preview":"max-image-preview:large","max-video-preview":"max-video-preview:-1"},"canonical":"https:\/\/www.modamob.com.tr\/de\/raumkuhlungsmethoden-fur-die-sommermonate\/","og_locale":"de_DE","og_type":"article","og_title":"Yaz Aylar\u0131 \u0130\u00e7in Mekan Serinletme Y\u00f6ntemleri - Modamob Ak\u0131ll\u0131 Mobilya","og_description":"Bir mekan i\u00e7in dekorasyon kadar konforun da \u00f6nemli oldu\u011funun bilincinde olmak gerekli. Mekan\u0131n \u0131s\u0131 d\u00fczeyinin do\u011fru standartlarda olmas\u0131, o mekanda ge\u00e7irilecek sa\u011fl\u0131kl\u0131 vakit i\u00e7in b\u00fcy\u00fck \u00f6nem ta\u015f\u0131yor.&nbsp;Yaz\u0131n kavurucu s\u0131caklar\u0131n\u0131 kontrol alt\u0131na al\u0131p, serin ve u\u00e7u\u015f u\u00e7u\u015f mekanlar yaratmak, so\u011futucu \u00fcr\u00fcnlerini veya y\u00f6ntemlerini do\u011fru belirleyip uygulamak ile m\u00fcmk\u00fcn. Do\u011fal \u00c7\u00f6z\u00fcmler Herhangi bir so\u011futma \u00fcr\u00fcn\u00fc kullanmak yerine [&hellip;]","og_url":"https:\/\/www.modamob.com.tr\/de\/raumkuhlungsmethoden-fur-die-sommermonate\/","og_site_name":"Modamob Ak\u0131ll\u0131 Mobilya","article_published_time":"2024-05-24T15:10:58+00:00","article_modified_time":"2024-05-24T15:10:59+00:00","og_image":[{"width":1280,"height":960,"url":"https:\/\/www.modamob.com.tr\/wp-content\/uploads\/2024\/05\/Yaz-Aylari-Icin-Mekan-Serinletme-Yontemleri.webp","type":"image\/webp"}],"author":"Kayhan Akkaya","twitter_card":"summary_large_image","twitter_misc":{"Verfasst von":"Kayhan Akkaya","Gesch\u00e4tzte Lesezeit":"4\u00a0Minuten"},"schema":{"@context":"https:\/\/schema.org","@graph":[{"@type":"Article","@id":"https:\/\/www.modamob.com.tr\/yaz-aylari-icin-mekan-serinletme-yontemleri\/#article","isPartOf":{"@id":"https:\/\/www.modamob.com.tr\/yaz-aylari-icin-mekan-serinletme-yontemleri\/"},"author":{"name":"Kayhan Akkaya","@id":"https:\/\/www.modamob.com.tr\/#\/schema\/person\/3e18094eac4c75e15b86d3fad879f030"},"headline":"Yaz Aylar\u0131 \u0130\u00e7in Mekan Serinletme Y\u00f6ntemleri","datePublished":"2024-05-24T15:10:58+00:00","dateModified":"2024-05-24T15:10:59+00:00","mainEntityOfPage":{"@id":"https:\/\/www.modamob.com.tr\/yaz-aylari-icin-mekan-serinletme-yontemleri\/"},"wordCount":686,"commentCount":0,"image":{"@id":"https:\/\/www.modamob.com.tr\/yaz-aylari-icin-mekan-serinletme-yontemleri\/#primaryimage"},"thumbnailUrl":"https:\/\/www.modamob.com.tr\/wp-content\/uploads\/2024\/05\/Yaz-Aylari-Icin-Mekan-Serinletme-Yontemleri.webp","articleSection":["Uncategorized"],"inLanguage":"de","potentialAction":[{"@type":"CommentAction","name":"Comment","target":["https:\/\/www.modamob.com.tr\/yaz-aylari-icin-mekan-serinletme-yontemleri\/#respond"]}]},{"@type":"WebPage","@id":"https:\/\/www.modamob.com.tr\/yaz-aylari-icin-mekan-serinletme-yontemleri\/","url":"https:\/\/www.modamob.com.tr\/yaz-aylari-icin-mekan-serinletme-yontemleri\/","name":"Raumk\u00fchlungsmethoden f\u00fcr die Sommermonate \u2013 Modamob Smart Furniture","isPartOf":{"@id":"https:\/\/www.modamob.com.tr\/#website"},"primaryImageOfPage":{"@id":"https:\/\/www.modamob.com.tr\/yaz-aylari-icin-mekan-serinletme-yontemleri\/#primaryimage"},"image":{"@id":"https:\/\/www.modamob.com.tr\/yaz-aylari-icin-mekan-serinletme-yontemleri\/#primaryimage"},"thumbnailUrl":"https:\/\/www.modamob.com.tr\/wp-content\/uploads\/2024\/05\/Yaz-Aylari-Icin-Mekan-Serinletme-Yontemleri.webp","datePublished":"2024-05-24T15:10:58+00:00","dateModified":"2024-05-24T15:10:59+00:00","author":{"@id":"https:\/\/www.modamob.com.tr\/#\/schema\/person\/3e18094eac4c75e15b86d3fad879f030"},"breadcrumb":{"@id":"https:\/\/www.modamob.com.tr\/yaz-aylari-icin-mekan-serinletme-yontemleri\/#breadcrumb"},"inLanguage":"de","potentialAction":[{"@type":"ReadAction","target":["https:\/\/www.modamob.com.tr\/yaz-aylari-icin-mekan-serinletme-yontemleri\/"]}]},{"@type":"ImageObject","inLanguage":"de","@id":"https:\/\/www.modamob.com.tr\/yaz-aylari-icin-mekan-serinletme-yontemleri\/#primaryimage","url":"https:\/\/www.modamob.com.tr\/wp-content\/uploads\/2024\/05\/Yaz-Aylari-Icin-Mekan-Serinletme-Yontemleri.webp","contentUrl":"https:\/\/www.modamob.com.tr\/wp-content\/uploads\/2024\/05\/Yaz-Aylari-Icin-Mekan-Serinletme-Yontemleri.webp","width":1280,"height":960},{"@type":"BreadcrumbList","@id":"https:\/\/www.modamob.com.tr\/yaz-aylari-icin-mekan-serinletme-yontemleri\/#breadcrumb","itemListElement":[{"@type":"ListItem","position":1,"name":"Anasayfa","item":"https:\/\/www.modamob.com.tr\/"},{"@type":"ListItem","position":2,"name":"Yaz Aylar\u0131 \u0130\u00e7in Mekan Serinletme Y\u00f6ntemleri"}]},{"@type":"WebSite","@id":"https:\/\/www.modamob.com.tr\/#website","url":"https:\/\/www.modamob.com.tr\/","name":"Modamob Intelligente M\u00f6bel","description":"Bewegliche M\u00f6bel der neuen Generation","potentialAction":[{"@type":"SearchAction","target":{"@type":"EntryPoint","urlTemplate":"https:\/\/www.modamob.com.tr\/?s={search_term_string}"},"query-input":{"@type":"PropertyValueSpecification","valueRequired":true,"valueName":"search_term_string"}}],"inLanguage":"de"},{"@type":"Person","@id":"https:\/\/www.modamob.com.tr\/#\/schema\/person\/3e18094eac4c75e15b86d3fad879f030","name":"Kayhan Akkaya","image":{"@type":"ImageObject","inLanguage":"de","@id":"https:\/\/www.modamob.com.tr\/#\/schema\/person\/image\/","url":"https:\/\/www.modamob.com.tr\/wp-content\/litespeed\/avatar\/5dd3b2c2bca814e422309c656b3f4804.jpg?ver=1777118350","contentUrl":"https:\/\/www.modamob.com.tr\/wp-content\/litespeed\/avatar\/5dd3b2c2bca814e422309c656b3f4804.jpg?ver=1777118350","caption":"Kayhan Akkaya"},"sameAs":["https:\/\/www.modamob.com.tr\/"],"url":"https:\/\/www.modamob.com.tr\/de\/author\/kayhan-akkaya\/"}]}},"_links":{"self":[{"href":"https:\/\/www.modamob.com.tr\/de\/wp-json\/wp\/v2\/posts\/16359","targetHints":{"allow":["GET"]}}],"collection":[{"href":"https:\/\/www.modamob.com.tr\/de\/wp-json\/wp\/v2\/posts"}],"about":[{"href":"https:\/\/www.modamob.com.tr\/de\/wp-json\/wp\/v2\/types\/post"}],"author":[{"embeddable":true,"href":"https:\/\/www.modamob.com.tr\/de\/wp-json\/wp\/v2\/users\/114"}],"replies":[{"embeddable":true,"href":"https:\/\/www.modamob.com.tr\/de\/wp-json\/wp\/v2\/comments?post=16359"}],"version-history":[{"count":1,"href":"https:\/\/www.modamob.com.tr\/de\/wp-json\/wp\/v2\/posts\/16359\/revisions"}],"predecessor-version":[{"id":16361,"href":"https:\/\/www.modamob.com.tr\/de\/wp-json\/wp\/v2\/posts\/16359\/revisions\/16361"}],"wp:featuredmedia":[{"embeddable":true,"href":"https:\/\/www.modamob.com.tr\/de\/wp-json\/wp\/v2\/media\/16360"}],"wp:attachment":[{"href":"https:\/\/www.modamob.com.tr\/de\/wp-json\/wp\/v2\/media?parent=16359"}],"wp:term":[{"taxonomy":"category","embeddable":true,"href":"https:\/\/www.modamob.com.tr\/de\/wp-json\/wp\/v2\/categories?post=16359"},{"taxonomy":"post_tag","embeddable":true,"href":"https:\/\/www.modamob.com.tr\/de\/wp-json\/wp\/v2\/tags?post=16359"}],"curies":[{"name":"wp","href":"https:\/\/api.w.org\/{rel}","templated":true}]}}